{"id":48553,"date":"2025-02-26T10:35:41","date_gmt":"2025-02-26T10:35:41","guid":{"rendered":"https:\/\/www.zbw-mediatalk.eu\/?p=48553"},"modified":"2025-10-24T09:25:36","modified_gmt":"2025-10-24T09:25:36","slug":"kuenstliche-intelligenz-und-informationskompetenz-ueber-die-kunst-einen-brokkoli-zu-vierteln","status":"publish","type":"post","link":"https:\/\/www.zbw-mediatalk.eu\/de\/2025\/02\/kuenstliche-intelligenz-und-informationskompetenz-ueber-die-kunst-einen-brokkoli-zu-vierteln\/","title":{"rendered":"K\u00fcnstliche Intelligenz und Informationskompetenz: \u00dcber die Kunst, einen Brokkoli zu vierteln"},"content":{"rendered":"<div class='__iawmlf-post-loop-links' style='display:none;' data-iawmlf-post-links='[{&quot;id&quot;:439,&quot;href&quot;:&quot;https:\\\/\\\/www.ala.org\\\/acrl\\\/standards\\\/ilframework&quot;,&quot;archived_href&quot;:&quot;https:\\\/\\\/web-wp.archive.org\\\/web\\\/20260310002834\\\/https:\\\/\\\/www.ala.org\\\/acrl\\\/standards\\\/ilframework&quot;,&quot;redirect_href&quot;:&quot;&quot;,&quot;checks&quot;:[{&quot;date&quot;:&quot;2026-03-13 12:29:01&quot;,&quot;http_code&quot;:200},{&quot;date&quot;:&quot;2026-03-21 15:18:51&quot;,&quot;http_code&quot;:200},{&quot;date&quot;:&quot;2026-04-02 12:51:04&quot;,&quot;http_code&quot;:200},{&quot;date&quot;:&quot;2026-04-07 20:14:38&quot;,&quot;http_code&quot;:200},{&quot;date&quot;:&quot;2026-04-16 08:08:34&quot;,&quot;http_code&quot;:503},{&quot;date&quot;:&quot;2026-04-22 10:57:12&quot;,&quot;http_code&quot;:200}],&quot;broken&quot;:false,&quot;last_checked&quot;:{&quot;date&quot;:&quot;2026-04-22 10:57:12&quot;,&quot;http_code&quot;:200},&quot;process&quot;:&quot;done&quot;},{&quot;id&quot;:440,&quot;href&quot;:&quot;https:\\\/\\\/doi.org\\\/10.1186\\\/s41239-024-00448-3&quot;,&quot;archived_href&quot;:&quot;&quot;,&quot;redirect_href&quot;:&quot;&quot;,&quot;checks&quot;:[],&quot;broken&quot;:false,&quot;last_checked&quot;:null,&quot;process&quot;:&quot;done&quot;},{&quot;id&quot;:4771,&quot;href&quot;:&quot;https:\\\/\\\/www.edoeb.admin.ch\\\/de\\\/21062024-meta-vorlaeufig-keine-anderung-der-nutzungsbedingungen-fuer-die-schweiz&quot;,&quot;archived_href&quot;:&quot;https:\\\/\\\/web-wp.archive.org\\\/web\\\/20260303093038\\\/https:\\\/\\\/www.edoeb.admin.ch\\\/de\\\/21062024-meta-vorlaeufig-keine-anderung-der-nutzungsbedingungen-fuer-die-schweiz&quot;,&quot;redirect_href&quot;:&quot;&quot;,&quot;checks&quot;:[{&quot;date&quot;:&quot;2026-03-17 08:47:25&quot;,&quot;http_code&quot;:200},{&quot;date&quot;:&quot;2026-03-21 15:18:59&quot;,&quot;http_code&quot;:200},{&quot;date&quot;:&quot;2026-04-02 18:52:41&quot;,&quot;http_code&quot;:503},{&quot;date&quot;:&quot;2026-04-16 08:09:28&quot;,&quot;http_code&quot;:503},{&quot;date&quot;:&quot;2026-04-25 06:06:54&quot;,&quot;http_code&quot;:200}],&quot;broken&quot;:false,&quot;last_checked&quot;:{&quot;date&quot;:&quot;2026-04-25 06:06:54&quot;,&quot;http_code&quot;:200},&quot;process&quot;:&quot;done&quot;},{&quot;id&quot;:442,&quot;href&quot;:&quot;https:\\\/\\\/www.sueddeutsche.de\\\/wissen\\\/aenderungen-der-richtlinien-ki-datennutzung-bei-instagram-und-facebook-widersprechen-dpa.urn-newsml-dpa-com-20090101-240610-99-344106&quot;,&quot;archived_href&quot;:&quot;&quot;,&quot;redirect_href&quot;:&quot;&quot;,&quot;checks&quot;:[],&quot;broken&quot;:false,&quot;last_checked&quot;:null,&quot;process&quot;:&quot;done&quot;},{&quot;id&quot;:443,&quot;href&quot;:&quot;https:\\\/\\\/www.sueddeutsche.de\\\/wirtschaft\\\/kuenstliche-intelligenz-amazon-amodei-anthropic-1.6254633&quot;,&quot;archived_href&quot;:&quot;https:\\\/\\\/web-wp.archive.org\\\/web\\\/20260215035221\\\/https:\\\/\\\/www.sueddeutsche.de\\\/wirtschaft\\\/kuenstliche-intelligenz-amazon-amodei-anthropic-1.6254633&quot;,&quot;redirect_href&quot;:&quot;&quot;,&quot;checks&quot;:[{&quot;date&quot;:&quot;2026-03-13 12:29:19&quot;,&quot;http_code&quot;:200},{&quot;date&quot;:&quot;2026-03-21 15:19:03&quot;,&quot;http_code&quot;:200},{&quot;date&quot;:&quot;2026-04-02 18:52:45&quot;,&quot;http_code&quot;:200},{&quot;date&quot;:&quot;2026-04-07 20:14:59&quot;,&quot;http_code&quot;:200},{&quot;date&quot;:&quot;2026-04-16 08:09:28&quot;,&quot;http_code&quot;:200},{&quot;date&quot;:&quot;2026-04-25 06:06:52&quot;,&quot;http_code&quot;:200}],&quot;broken&quot;:false,&quot;last_checked&quot;:{&quot;date&quot;:&quot;2026-04-25 06:06:52&quot;,&quot;http_code&quot;:200},&quot;process&quot;:&quot;done&quot;},{&quot;id&quot;:444,&quot;href&quot;:&quot;https:\\\/\\\/www.nzz.ch\\\/technologie\\\/amazon-wehrt-sich-gegen-den-eindruck-die-entwicklungen-im-bereich-der-ki-verschlafen-zu-haben-ld.1769294&quot;,&quot;archived_href&quot;:&quot;https:\\\/\\\/web-wp.archive.org\\\/web\\\/20260222034209\\\/https:\\\/\\\/www.nzz.ch\\\/technologie\\\/amazon-wehrt-sich-gegen-den-eindruck-die-entwicklungen-im-bereich-der-ki-verschlafen-zu-haben-ld.1769294&quot;,&quot;redirect_href&quot;:&quot;&quot;,&quot;checks&quot;:[{&quot;date&quot;:&quot;2026-03-13 12:29:21&quot;,&quot;http_code&quot;:200},{&quot;date&quot;:&quot;2026-03-21 15:19:04&quot;,&quot;http_code&quot;:200},{&quot;date&quot;:&quot;2026-04-02 18:52:44&quot;,&quot;http_code&quot;:200},{&quot;date&quot;:&quot;2026-04-07 20:14:58&quot;,&quot;http_code&quot;:200},{&quot;date&quot;:&quot;2026-04-16 08:09:28&quot;,&quot;http_code&quot;:200},{&quot;date&quot;:&quot;2026-04-25 06:06:53&quot;,&quot;http_code&quot;:200}],&quot;broken&quot;:false,&quot;last_checked&quot;:{&quot;date&quot;:&quot;2026-04-25 06:06:53&quot;,&quot;http_code&quot;:200},&quot;process&quot;:&quot;done&quot;},{&quot;id&quot;:445,&quot;href&quot;:&quot;https:\\\/\\\/www.swissinfo.ch\\\/ger\\\/wissenschaft\\\/k%c3%bcnstliche-intelligenz-diese-%c3%a4nderungen-stehen-an-in-der-schweiz\\\/88770176&quot;,&quot;archived_href&quot;:&quot;https:\\\/\\\/web-wp.archive.org\\\/web\\\/20250505021713\\\/https:\\\/\\\/www.swissinfo.ch\\\/ger\\\/wissenschaft\\\/k%C3%BCnstliche-intelligenz-diese-%C3%A4nderungen-stehen-an-in-der-schweiz\\\/88770176&quot;,&quot;redirect_href&quot;:&quot;&quot;,&quot;checks&quot;:[{&quot;date&quot;:&quot;2026-03-13 12:29:29&quot;,&quot;http_code&quot;:200}],&quot;broken&quot;:false,&quot;last_checked&quot;:{&quot;date&quot;:&quot;2026-03-13 12:29:29&quot;,&quot;http_code&quot;:200},&quot;process&quot;:&quot;done&quot;},{&quot;id&quot;:4772,&quot;href&quot;:&quot;https:\\\/\\\/www.linkedin.com\\\/in\\\/lukastschopp&quot;,&quot;archived_href&quot;:&quot;&quot;,&quot;redirect_href&quot;:&quot;&quot;,&quot;checks&quot;:[],&quot;broken&quot;:false,&quot;last_checked&quot;:null,&quot;process&quot;:&quot;done&quot;},{&quot;id&quot;:447,&quot;href&quot;:&quot;https:\\\/\\\/orcid.org\\\/0009-0000-9263-4358&quot;,&quot;archived_href&quot;:&quot;https:\\\/\\\/web-wp.archive.org\\\/web\\\/20251004021030\\\/https:\\\/\\\/orcid.org\\\/0009-0000-9263-4358&quot;,&quot;redirect_href&quot;:&quot;&quot;,&quot;checks&quot;:[{&quot;date&quot;:&quot;2026-03-13 12:29:37&quot;,&quot;http_code&quot;:206},{&quot;date&quot;:&quot;2026-03-21 15:19:04&quot;,&quot;http_code&quot;:206},{&quot;date&quot;:&quot;2026-04-07 20:15:01&quot;,&quot;http_code&quot;:206},{&quot;date&quot;:&quot;2026-04-16 08:09:30&quot;,&quot;http_code&quot;:206},{&quot;date&quot;:&quot;2026-04-25 06:06:52&quot;,&quot;http_code&quot;:206}],&quot;broken&quot;:false,&quot;last_checked&quot;:{&quot;date&quot;:&quot;2026-04-25 06:06:52&quot;,&quot;http_code&quot;:206},&quot;process&quot;:&quot;done&quot;}]'><\/div>\n<p><strong>von Lukas Tschopp<\/strong><\/p>\n<p><img decoding=\"async\" src=\"https:\/\/www.zbw-mediatalk.eu\/wp-content\/uploads\/2025\/02\/lukas-tschopp-1.jpg\" alt=\"\" width=\"200\"  class=\"aligncenter size-full wp-image-48588\" srcset=\"https:\/\/www.zbw-mediatalk.eu\/wp-content\/uploads\/2025\/02\/lukas-tschopp-1.jpg 400w, https:\/\/www.zbw-mediatalk.eu\/wp-content\/uploads\/2025\/02\/lukas-tschopp-1-300x300.jpg 300w, https:\/\/www.zbw-mediatalk.eu\/wp-content\/uploads\/2025\/02\/lukas-tschopp-1-150x150.jpg 150w, https:\/\/www.zbw-mediatalk.eu\/wp-content\/uploads\/2025\/02\/lukas-tschopp-1-250x250.jpg 250w, https:\/\/www.zbw-mediatalk.eu\/wp-content\/uploads\/2025\/02\/lukas-tschopp-1-200x200.jpg 200w, https:\/\/www.zbw-mediatalk.eu\/wp-content\/uploads\/2025\/02\/lukas-tschopp-1-100x100.jpg 100w, https:\/\/www.zbw-mediatalk.eu\/wp-content\/uploads\/2025\/02\/lukas-tschopp-1-76x76.jpg 76w, https:\/\/www.zbw-mediatalk.eu\/wp-content\/uploads\/2025\/02\/lukas-tschopp-1-50x50.jpg 50w\" sizes=\"(max-width: 400px) 100vw, 400px\" \/><\/p>\n<p>Mit dem Framework for Information Literacy for Higher Education der American Library Association (<a href=\"https:\/\/www.ala.org\/acrl\/standards\/ilframework\" rel=\"noopener\" target=\"_blank\">ACRL Framework<\/a>) erfolgte ein Wechsel von konkreten Lernzielen bisheriger Standards hin zu einem konzeptbasierten Framework. Vor dem Hintergrund, dass K\u00fcnstliche Intelligenz (KI) aktuell gro\u00dfe Hoffnungen und ebenso gro\u00dfe Bef\u00fcrchtungen weckt, ist fraglich, inwiefern diese Konzepte heute noch G\u00fcltigkeit haben. In diesem Artikel unternehme ich den Versuch, anhand des Frames \u201eAuthority is constructed and contextual\u201c zu zeigen, dass aus meiner Sicht das ACRL Framework weiterhin wichtig bleibt, weil es wichtige Impulse geben kann f\u00fcr den Umgang mit Informationen an Hochschulen.<\/p>\n<h2>Die Absurdit\u00e4t des Riz Casimir aufdecken<\/h2>\n<p>Eine Analogie soll verdeutlichen, worum es in diesem Frame geht. Solange das einzige Curry-Gericht, das ich kenne und das einen Hauch von Exotik verspr\u00fcht, Riz Casimir (ein Klassiker der Schweizer K\u00fcche) ist, solange werde ich glauben, dass Herzkirschen in jedes Curry geh\u00f6ren. Das ist nicht nur bedauerlich, sondern auch ein Weckruf, beim s\u00fcdindischen Imbiss ein Masala Dosa zu probieren. Erst in Bezug zum Masala Dosa und dem darin enthaltenen Kartoffel-Curry wird mir die Absurdit\u00e4t des Riz Casimir mit seinen Herzkirschen bewusst.<\/p>\n<p>Im Umgang mit KI ist die Problemlage ein \u00e4hnliche. Solange mir keine bessere Antwort untergekommen ist, gehe ich davon aus, dass stimmt, was grammatikalisch korrekt von der KI geschrieben wurde. Wie beim ersten Beispiel braucht es Kontext, um die Antwort einzuordnen. Oder um es in Bezug zum ACRL Framework herauszuarbeiten: Das kritische Denken ist das Instrument, um zu verstehen, dass das Wissen immer in einem Zusammenhang konstruiert wurde. Was hei\u00dft das jetzt, wenn ich \u00fcber KI sprechen will? Es hei\u00dft, dass ich mir bewusstwerde, mit wem (genauer: mit was) ich es zu tun habe. Generative KI ist eine Technologie, die eine gro\u00dfe Menge Daten verwendet, um daraus \u2013 dem Gesetz der Wahrscheinlichkeit folgend \u2013 Antworten zu formen. Diese Technologie produziert also Sprache, nicht <a href=\"https:\/\/doi.org\/10.1186\/s41239-024-00448-3\" rel=\"noopener\" target=\"_blank\">Wahrheiten<\/a>. Oder um beim Essen zu bleiben: Obwohl das Auge mitisst, kann die Mahlzeit scheu\u00dflich schmecken.<\/p>\n<h2>Russisches Roulette mit generativer KI spielen<\/h2>\n<p>Um das besser zu verstehen, m\u00f6chte ich mich den Daten zuwenden. Sie erscheinen mir wie ein Meer \u2013 tief und unergr\u00fcndlich. Bei manchen Unternehmen, die generative KI-Tools entwickeln, ist nicht nachvollziehbar, was alles in diesem Datenmeer schwimmt. Ich betrachte sie mit gemischten Gef\u00fchlen. Insbesondere seit ich neulich auf Instagram ein kurzes Video gesehen habe, das eine Frau in Unterw\u00e4sche beim Vierteln eines Brokkoli zeigte. Unabh\u00e4ngig von der offensichtlichen Frage nach Geschlechterstereotypen, frage ich mich, was der Informationsgehalt solcher Videos ist und was KI-Systeme daraus machen, die damit trainieren. Obwohl derzeit unklar ist, ob die Verwendung solcher Daten f\u00fcr das Training von KI-Systemen zugelassen wird (<a href=\"https:\/\/www.edoeb.admin.ch\/de\/21062024-meta-vorlaeufig-keine-anderung-der-nutzungsbedingungen-fuer-die-schweiz\" rel=\"noopener\" target=\"_blank\">Eidgen\u00f6ssischer Datenschutz- und \u00d6ffentlichkeitsbeauftragter, 2024<\/a>; <a href=\"https:\/\/www.sueddeutsche.de\/wissen\/aenderungen-der-richtlinien-ki-datennutzung-bei-instagram-und-facebook-widersprechen-dpa.urn-newsml-dpa-com-20090101-240610-99-344106\" rel=\"noopener\" target=\"_blank\">S\u00fcddeutsche Zeitung, 2024<\/a>), l\u00e4sst diese Vorstellung bei mir ein flaues Gef\u00fchl im Magen entstehen.<\/p>\n<p>Andererseits fasziniert es mich, was aus solchen Daten hervorgehen kann. Ich mag das Hin und Her, welches im Dialogfeld der KI entsteht, wenn ich mit Claude AI einen Entwurf f\u00fcr einen Textbeitrag weiterentwickle. Nur, aus meiner Sicht macht es einen bedeutenden Unterschied, ob ich im Dialog einen Text verfeinere, dessen Inhalt mir einigerma\u00dfen vertraut ist oder ob ich \u2013 das Beispiel stammt aus meinem Unterricht mit Bachelorstudierenden \u2013 die Wechselwirkung von Medikamenten in Claude AI erfrage. Letzteres ist ein hochkomplexes Thema. Jeder K\u00f6rper reagiert anders auf ein einzelnes Medikament, geschweige denn auf die Kombination von zig Wirkstoffen. Einer KI-Antwort darauf zu vertrauen, ist aus meiner Sicht die neue Form des russischen Roulettes.<\/p>\n<h2>L\u00e4cherlich und unglaubw\u00fcrdig<\/h2>\n<p>Womit auch ein anderes Thema angesprochen w\u00e4re. Die Welt ist komplex geworden und ich habe darin schon lange den \u00dcberblick verloren. Vielleicht ist das ein Teil der Faszination, die KI auf mich aus\u00fcbt. Die Welt wird pl\u00f6tzlich \u00fcbersichtlich, weil sie mir jemand (genauer: etwas) scheinbar erkl\u00e4ren kann. Da kann ich dar\u00fcber hinwegsehen, dass der Inhalt nur teilweise zutrifft, denn ich kann ihn immerhin lesen, mir in verdaubare H\u00e4ppchen herunterbrechen lassen und pl\u00f6tzlich glaube ich: Ja, du hast den Dreh raus.<\/p>\n<p>Meistens folgt die Desillusionierung im Verlauf. Es ist schon vorgekommen, dass ich einen Entwurf meiner Arbeitskollegin zeige und bei ihr eine Mischung aus Bedauern und Schalk ausmache. Kurz: Wenn ich die Inhalte nicht sorgf\u00e4ltig pr\u00fcfe, mich nicht auf verl\u00e4ssliche Quellen abst\u00fctze, mache ich mich nicht nur l\u00e4cherlich, sondern auch unglaubw\u00fcrdig. Erst im Kontext, den in diesem Beispiel meine Arbeitskollegin herstellt, wird augenf\u00e4llig, wie beschr\u00e4nkt mein Wissen ist. Womit auch verdeutlich wird, dass das Frame \u201eAuthority is constructed and contextual\u201c auch dann bedeutsam ist, wenn eine neue Technologie die Textproduktion ver\u00e4ndert.<\/p>\n<h2>Finanzielles Engagement ohne Eigeninteressen?<\/h2>\n<p>Ich will damit nicht die Nutzung von KI schlechtreden. Vielmehr m\u00f6chte ich verdeutlichen, was mir im Alltag allzu h\u00e4ufig vergessen geht: die kritische Reflexion der Inhalte. Die Frage danach, woher diese Antwort kommt.<\/p>\n<p>Erst k\u00fcrzlich habe ich mich n\u00e4her damit besch\u00e4ftigt, wer eigentlich hinter Claude AI steht. Anthropic, das Unternehmen hinter Claude AI, hat betr\u00e4chtliche <a href=\"https:\/\/www.sueddeutsche.de\/wirtschaft\/kuenstliche-intelligenz-amazon-amodei-anthropic-1.6254633\" rel=\"noopener\" target=\"_blank\">Investitionen<\/a> von <a href=\"https:\/\/www.nzz.ch\/technologie\/amazon-wehrt-sich-gegen-den-eindruck-die-entwicklungen-im-bereich-der-ki-verschlafen-zu-haben-ld.1769294\" rel=\"noopener\" target=\"_blank\">Google und Amazon<\/a> erhalten. Obwohl Anthropic seine Unabh\u00e4ngigkeit betont, scheint mir dies fadenscheinig, wenn mehrere Hundert Millionen Dollar von Konzernen eingeschossen werden, die Profit generieren wollen. <\/p>\n<p>Das bedeutet nicht, dass ich nicht diesen Text mithilfe von Claude AI weiterverarbeiten will, aber es bedeutet, wachsam und sorgsam damit zu sein, was ich wem von mir <a href=\"https:\/\/www.swissinfo.ch\/ger\/wissenschaft\/k%c3%bcnstliche-intelligenz-diese-%c3%a4nderungen-stehen-an-in-der-schweiz\/88770176\" rel=\"noopener\" target=\"_blank\">preisgebe<\/a>. Und es bedeutet au\u00dferdem, dass ich mir das Ergebnis genau anschaue. Neulich erfand Claude AI ein Zitat, um eine meiner Thesen zu st\u00fctzen. Ich war beunruhigt, weil keine Referenz mitgeliefert wurde.<br \/>\nNach alledem, was ich jetzt geschrieben habe, meldet sich bei mir der Magen. Ich muss los, Masala Dosa essen.<\/p>\n<p><b>Das k\u00f6nnte Sie auch interessieren:<\/b><\/p>\n<ul>\n<li><a href=\"https:\/\/www.zbw-mediatalk.eu\/de\/2024\/01\/menschenzentrierte-ki-erste-schritte-fuer-die-anreicherung-von-bibliotheksarbeit\/\">Menschenzentrierte KI: Erste Schritte f\u00fcr die Anreicherung von Bibliotheksarbeit<\/a><\/li>\n<li><a href=\"https:\/\/www.zbw-mediatalk.eu\/de\/2022\/03\/diskriminierung-durch-ki-inwiefern-bibliotheken-betroffen-sind-und-wie-mitarbeitende-das-richtige-mindset-finden\/\">Diskriminierung durch KI: Inwiefern Bibliotheken betroffen sind und wie Mitarbeitende das richtige Mindset finden<\/a><\/li>\n<li><a href=\"https:\/\/www.zbw-mediatalk.eu\/de\/2022\/01\/tracking-in-der-wissenschaft-so-koennen-bibliotheken-daten-und-wissenschaftsfreiheit-schuetzen\/\">Tracking in der Wissenschaft: So k\u00f6nnen Bibliotheken Daten und Wissenschaftsfreiheit sch\u00fctzen<\/a><\/li>\n<li><a href=\"https:\/\/www.zbw-mediatalk.eu\/de\/2022\/08\/ki-in-wissenschaftlichen-bibliotheken-teil-1-handlungsfelder-grosse-player-und-die-automatisierung-der-erschliessung\/\">KI in wissenschaftlichen Bibliotheken, Teil 1: Handlungsfelder, gro\u00dfe Player und die Automatisierung der Erschlie\u00dfung<\/a><\/li>\n<\/ul>\n<div class='eckosc eckosc_contrast_block'><div class='eckosc_contrast_block_inner'>\n<b>\u00dcber den Autor:<\/b><br \/>\n<strong>Lukas Tschopp<\/strong> ist Liaision Librarian an der Universit\u00e4tsbibliothek Z\u00fcrich. Seine aktuelle Arbeit konzentriert sich auf die Vermittlung von KI Literacy. Sie finden ihn auf <a href=\"https:\/\/www.linkedin.com\/in\/lukastschopp\" rel=\"noopener\" target=\"_blank\">LinkedIn<\/a> und <a href=\"https:\/\/orcid.org\/0009-0000-9263-4358\" rel=\"noopener\" target=\"_blank\">ORCID<\/a>.<\/p>\n<p>Portrait: Universit\u00e4tsbibliothek Z\u00fcrich&copy;, Fotograf: Beno\u00eet Pitteloud<\/p>\n<\/div><\/div>\n","protected":false},"excerpt":{"rendered":"<p>von Lukas Tschopp Mit dem Framework for Information Literacy for Higher Education der American Library Association (ACRL Framework) erfolgte ein Wechsel von konkreten Lernzielen bisheriger Standards hin zu einem konzeptbasierten Framework. Vor dem Hintergrund, dass K\u00fcnstliche Intelligenz (KI) aktuell gro\u00dfe Hoffnungen und ebenso gro\u00dfe Bef\u00fcrchtungen weckt, ist fraglich, inwiefern diese Konzepte heute noch G\u00fcltigkeit haben. [&hellip;]<\/p>\n","protected":false},"author":4,"featured_media":48554,"comment_status":"closed","ping_status":"open","sticky":false,"template":"","format":"standard","meta":{"_has_post_settings":[],"footnotes":""},"categories":[76,1149],"tags":[1438,2406,1197],"hashtags":[],"class_list":["post-48553","post","type-post","status-publish","format-standard","has-post-thumbnail","hentry","category-innovationsmanagement","category-web-de","tag-informationskompetenz","tag-ki","tag-kuenstliche-intelligenz"],"aioseo_notices":[],"_links":{"self":[{"href":"https:\/\/www.zbw-mediatalk.eu\/de\/wp-json\/wp\/v2\/posts\/48553","targetHints":{"allow":["GET"]}}],"collection":[{"href":"https:\/\/www.zbw-mediatalk.eu\/de\/wp-json\/wp\/v2\/posts"}],"about":[{"href":"https:\/\/www.zbw-mediatalk.eu\/de\/wp-json\/wp\/v2\/types\/post"}],"author":[{"embeddable":true,"href":"https:\/\/www.zbw-mediatalk.eu\/de\/wp-json\/wp\/v2\/users\/4"}],"replies":[{"embeddable":true,"href":"https:\/\/www.zbw-mediatalk.eu\/de\/wp-json\/wp\/v2\/comments?post=48553"}],"version-history":[{"count":10,"href":"https:\/\/www.zbw-mediatalk.eu\/de\/wp-json\/wp\/v2\/posts\/48553\/revisions"}],"predecessor-version":[{"id":48678,"href":"https:\/\/www.zbw-mediatalk.eu\/de\/wp-json\/wp\/v2\/posts\/48553\/revisions\/48678"}],"wp:featuredmedia":[{"embeddable":true,"href":"https:\/\/www.zbw-mediatalk.eu\/de\/wp-json\/wp\/v2\/media\/48554"}],"wp:attachment":[{"href":"https:\/\/www.zbw-mediatalk.eu\/de\/wp-json\/wp\/v2\/media?parent=48553"}],"wp:term":[{"taxonomy":"category","embeddable":true,"href":"https:\/\/www.zbw-mediatalk.eu\/de\/wp-json\/wp\/v2\/categories?post=48553"},{"taxonomy":"post_tag","embeddable":true,"href":"https:\/\/www.zbw-mediatalk.eu\/de\/wp-json\/wp\/v2\/tags?post=48553"},{"taxonomy":"hashtags","embeddable":true,"href":"https:\/\/www.zbw-mediatalk.eu\/de\/wp-json\/wp\/v2\/hashtags?post=48553"}],"curies":[{"name":"wp","href":"https:\/\/api.w.org\/{rel}","templated":true}]}}