{"id":34417,"date":"2017-06-16T12:33:03","date_gmt":"2017-06-16T12:33:03","guid":{"rendered":"https:\/\/www.zbw-mediatalk.eu?p=34417"},"modified":"2022-02-28T07:12:56","modified_gmt":"2022-02-28T07:12:56","slug":"open-access-auf-dem-bibliothekartag-2017-vom-grossen-deal-bis-zur-alltaeglichen-arbeitsebene","status":"publish","type":"post","link":"https:\/\/www.zbw-mediatalk.eu\/de\/2017\/06\/open-access-auf-dem-bibliothekartag-2017-vom-grossen-deal-bis-zur-alltaeglichen-arbeitsebene\/","title":{"rendered":"Open Access auf dem Bibliothekartag 2017: Vom gro\u00dfen DEAL bis zur allt\u00e4glichen Arbeitsebene"},"content":{"rendered":"<div class='__iawmlf-post-loop-links' style='display:none;' data-iawmlf-post-links='[{&quot;id&quot;:4297,&quot;href&quot;:&quot;http:\\\/\\\/bibliothekartag2017.de&quot;,&quot;archived_href&quot;:&quot;&quot;,&quot;redirect_href&quot;:&quot;&quot;,&quot;checks&quot;:[],&quot;broken&quot;:false,&quot;last_checked&quot;:null,&quot;process&quot;:&quot;done&quot;},{&quot;id&quot;:4298,&quot;href&quot;:&quot;https:\\\/\\\/opus4.kobv.de\\\/opus4-bib-info\\\/solrsearch\\\/index\\\/search\\\/searchtype\\\/collection\\\/id\\\/16521&quot;,&quot;archived_href&quot;:&quot;https:\\\/\\\/web-wp.archive.org\\\/web\\\/20260314131345\\\/https:\\\/\\\/opus4.kobv.de\\\/opus4-bib-info\\\/solrsearch\\\/index\\\/search\\\/searchtype\\\/collection\\\/id\\\/16521&quot;,&quot;redirect_href&quot;:&quot;&quot;,&quot;checks&quot;:[{&quot;date&quot;:&quot;2026-03-16 03:45:27&quot;,&quot;http_code&quot;:200}],&quot;broken&quot;:false,&quot;last_checked&quot;:{&quot;date&quot;:&quot;2026-03-16 03:45:27&quot;,&quot;http_code&quot;:200},&quot;process&quot;:&quot;done&quot;},{&quot;id&quot;:4299,&quot;href&quot;:&quot;http:\\\/\\\/www.gesig.org\\\/cms\\\/upload\\\/Dokumente\\\/Ankndigung_Podiumsdiskussion.pdf&quot;,&quot;archived_href&quot;:&quot;&quot;,&quot;redirect_href&quot;:&quot;&quot;,&quot;checks&quot;:[],&quot;broken&quot;:false,&quot;last_checked&quot;:null,&quot;process&quot;:&quot;done&quot;},{&quot;id&quot;:5338,&quot;href&quot;:&quot;https:\\\/\\\/www.projekt-deal.de&quot;,&quot;archived_href&quot;:&quot;https:\\\/\\\/web-wp.archive.org\\\/web\\\/20260322023622\\\/https:\\\/\\\/www.projekt-deal.de\\\/&quot;,&quot;redirect_href&quot;:&quot;&quot;,&quot;checks&quot;:[{&quot;date&quot;:&quot;2026-03-27 08:28:46&quot;,&quot;http_code&quot;:200}],&quot;broken&quot;:false,&quot;last_checked&quot;:{&quot;date&quot;:&quot;2026-03-27 08:28:46&quot;,&quot;http_code&quot;:200},&quot;process&quot;:&quot;done&quot;},{&quot;id&quot;:4301,&quot;href&quot;:&quot;https:\\\/\\\/depositonce.tu-berlin.de\\\/handle\\\/11303\\\/5983&quot;,&quot;archived_href&quot;:&quot;&quot;,&quot;redirect_href&quot;:&quot;https:\\\/\\\/depositonce.tu-berlin.de\\\/items\\\/b18d89d6-0a31-4ad5-9e0d-0fc2d5a8136d&quot;,&quot;checks&quot;:[],&quot;broken&quot;:false,&quot;last_checked&quot;:null,&quot;process&quot;:&quot;done&quot;},{&quot;id&quot;:4302,&quot;href&quot;:&quot;https:\\\/\\\/opus4.kobv.de\\\/opus4-bib-info\\\/frontdoor\\\/index\\\/index\\\/docId\\\/2957&quot;,&quot;archived_href&quot;:&quot;https:\\\/\\\/web-wp.archive.org\\\/web\\\/20251011133912\\\/https:\\\/\\\/opus4.kobv.de\\\/opus4-bib-info\\\/frontdoor\\\/index\\\/index\\\/docId\\\/2957&quot;,&quot;redirect_href&quot;:&quot;&quot;,&quot;checks&quot;:[{&quot;date&quot;:&quot;2026-03-14 12:14:29&quot;,&quot;http_code&quot;:200}],&quot;broken&quot;:false,&quot;last_checked&quot;:{&quot;date&quot;:&quot;2026-03-14 12:14:29&quot;,&quot;http_code&quot;:200},&quot;process&quot;:&quot;done&quot;},{&quot;id&quot;:4303,&quot;href&quot;:&quot;https:\\\/\\\/opus4.kobv.de\\\/opus4-bib-info\\\/frontdoor\\\/index\\\/index\\\/docId\\\/2972&quot;,&quot;archived_href&quot;:&quot;&quot;,&quot;redirect_href&quot;:&quot;&quot;,&quot;checks&quot;:[],&quot;broken&quot;:false,&quot;last_checked&quot;:null,&quot;process&quot;:&quot;done&quot;},{&quot;id&quot;:4304,&quot;href&quot;:&quot;https:\\\/\\\/opus4.kobv.de\\\/opus4-bib-info\\\/frontdoor\\\/index\\\/index\\\/docId\\\/2947&quot;,&quot;archived_href&quot;:&quot;https:\\\/\\\/web-wp.archive.org\\\/web\\\/20240916220343\\\/https:\\\/\\\/opus4.kobv.de\\\/opus4-bib-info\\\/frontdoor\\\/index\\\/index\\\/docId\\\/2947&quot;,&quot;redirect_href&quot;:&quot;&quot;,&quot;checks&quot;:[{&quot;date&quot;:&quot;2026-03-14 12:15:25&quot;,&quot;http_code&quot;:200}],&quot;broken&quot;:false,&quot;last_checked&quot;:{&quot;date&quot;:&quot;2026-03-14 12:15:25&quot;,&quot;http_code&quot;:200},&quot;process&quot;:&quot;done&quot;},{&quot;id&quot;:4305,&quot;href&quot;:&quot;https:\\\/\\\/opus4.kobv.de\\\/opus4-bib-info\\\/frontdoor\\\/index\\\/index\\\/docId\\\/2960&quot;,&quot;archived_href&quot;:&quot;https:\\\/\\\/web-wp.archive.org\\\/web\\\/20260314131334\\\/https:\\\/\\\/opus4.kobv.de\\\/opus4-bib-info\\\/frontdoor\\\/index\\\/index\\\/docId\\\/2960&quot;,&quot;redirect_href&quot;:&quot;&quot;,&quot;checks&quot;:[],&quot;broken&quot;:false,&quot;last_checked&quot;:null,&quot;process&quot;:&quot;done&quot;},{&quot;id&quot;:4306,&quot;href&quot;:&quot;http:\\\/\\\/explore.tandfonline.com\\\/lmt\\\/oa-bibliothekartag-2017&quot;,&quot;archived_href&quot;:&quot;&quot;,&quot;redirect_href&quot;:&quot;&quot;,&quot;checks&quot;:[],&quot;broken&quot;:false,&quot;last_checked&quot;:null,&quot;process&quot;:&quot;done&quot;},{&quot;id&quot;:4307,&quot;href&quot;:&quot;http:\\\/\\\/www.tandfonline.com\\\/openaccess\\\/faqs&quot;,&quot;archived_href&quot;:&quot;&quot;,&quot;redirect_href&quot;:&quot;&quot;,&quot;checks&quot;:[],&quot;broken&quot;:false,&quot;last_checked&quot;:null,&quot;process&quot;:&quot;done&quot;},{&quot;id&quot;:4308,&quot;href&quot;:&quot;https:\\\/\\\/opus4.kobv.de\\\/opus4-bib-info\\\/frontdoor\\\/index\\\/index\\\/docId\\\/2965&quot;,&quot;archived_href&quot;:&quot;https:\\\/\\\/web-wp.archive.org\\\/web\\\/20241109130605\\\/https:\\\/\\\/opus4.kobv.de\\\/opus4-bib-info\\\/frontdoor\\\/index\\\/index\\\/docId\\\/2965&quot;,&quot;redirect_href&quot;:&quot;&quot;,&quot;checks&quot;:[{&quot;date&quot;:&quot;2026-03-14 12:17:24&quot;,&quot;http_code&quot;:200}],&quot;broken&quot;:false,&quot;last_checked&quot;:{&quot;date&quot;:&quot;2026-03-14 12:17:24&quot;,&quot;http_code&quot;:200},&quot;process&quot;:&quot;done&quot;},{&quot;id&quot;:4309,&quot;href&quot;:&quot;https:\\\/\\\/opus4.kobv.de\\\/opus4-bib-info\\\/frontdoor\\\/index\\\/index\\\/docId\\\/2951&quot;,&quot;archived_href&quot;:&quot;&quot;,&quot;redirect_href&quot;:&quot;&quot;,&quot;checks&quot;:[],&quot;broken&quot;:false,&quot;last_checked&quot;:null,&quot;process&quot;:&quot;done&quot;},{&quot;id&quot;:4310,&quot;href&quot;:&quot;http:\\\/\\\/www.bibliotheksverband.de\\\/fachgruppen\\\/kommissionen\\\/erwerbung-und-bestandsentwicklung.html&quot;,&quot;archived_href&quot;:&quot;https:\\\/\\\/web-wp.archive.org\\\/web\\\/20210725194114\\\/https:\\\/\\\/www.bibliotheksverband.de\\\/fachgruppen\\\/kommissionen\\\/erwerbung-und-bestandsentwicklung.html&quot;,&quot;redirect_href&quot;:&quot;&quot;,&quot;checks&quot;:[{&quot;date&quot;:&quot;2026-03-14 12:17:34&quot;,&quot;http_code&quot;:404}],&quot;broken&quot;:false,&quot;last_checked&quot;:{&quot;date&quot;:&quot;2026-03-14 12:17:34&quot;,&quot;http_code&quot;:404},&quot;process&quot;:&quot;done&quot;},{&quot;id&quot;:4311,&quot;href&quot;:&quot;https:\\\/\\\/www.arthistoricum.net\\\/netzwerke\\\/akmb&quot;,&quot;archived_href&quot;:&quot;https:\\\/\\\/web-wp.archive.org\\\/web\\\/20260203105750\\\/https:\\\/\\\/www.arthistoricum.net\\\/netzwerke\\\/akmb&quot;,&quot;redirect_href&quot;:&quot;&quot;,&quot;checks&quot;:[{&quot;date&quot;:&quot;2026-03-14 12:17:39&quot;,&quot;http_code&quot;:503}],&quot;broken&quot;:false,&quot;last_checked&quot;:{&quot;date&quot;:&quot;2026-03-14 12:17:39&quot;,&quot;http_code&quot;:503},&quot;process&quot;:&quot;done&quot;},{&quot;id&quot;:4312,&quot;href&quot;:&quot;http:\\\/\\\/www.ub.uni-heidelberg.de\\\/service\\\/openaccess\\\/Welcome.html&quot;,&quot;archived_href&quot;:&quot;https:\\\/\\\/web-wp.archive.org\\\/web\\\/20230621125651\\\/https:\\\/\\\/www.ub.uni-heidelberg.de\\\/service\\\/openaccess\\\/Welcome.html&quot;,&quot;redirect_href&quot;:&quot;https:\\\/\\\/www.ub.uni-heidelberg.de\\\/service\\\/openaccess\\\/Welcome.html&quot;,&quot;checks&quot;:[],&quot;broken&quot;:false,&quot;last_checked&quot;:null,&quot;process&quot;:&quot;done&quot;},{&quot;id&quot;:4313,&quot;href&quot;:&quot;https:\\\/\\\/opus4.kobv.de\\\/opus4-bib-info\\\/frontdoor\\\/index\\\/index\\\/docId\\\/2912&quot;,&quot;archived_href&quot;:&quot;&quot;,&quot;redirect_href&quot;:&quot;&quot;,&quot;checks&quot;:[],&quot;broken&quot;:false,&quot;last_checked&quot;:null,&quot;process&quot;:&quot;done&quot;},{&quot;id&quot;:4314,&quot;href&quot;:&quot;https:\\\/\\\/blogs.ub.tu-berlin.de\\\/openaccess\\\/2017\\\/06\\\/von-robin-hood-zum-mainstream-open-access-als-haltung-erreicht-die-mitte-der-bibliothek&quot;,&quot;archived_href&quot;:&quot;&quot;,&quot;redirect_href&quot;:&quot;https:\\\/\\\/blogs.ub.tu-berlin.de\\\/publizieren\\\/2017\\\/06\\\/von-robin-hood-zum-mainstream-open-access-als-haltung-erreicht-die-mitte-der-bibliothek&quot;,&quot;checks&quot;:[],&quot;broken&quot;:false,&quot;last_checked&quot;:null,&quot;process&quot;:&quot;done&quot;},{&quot;id&quot;:4315,&quot;href&quot;:&quot;https:\\\/\\\/open-access.net\\\/DE-EN\\\/community\\\/open-access-tage&quot;,&quot;archived_href&quot;:&quot;&quot;,&quot;redirect_href&quot;:&quot;https:\\\/\\\/open-access.network\\\/DE-EN\\\/community\\\/open-access-tage&quot;,&quot;checks&quot;:[],&quot;broken&quot;:false,&quot;last_checked&quot;:null,&quot;process&quot;:&quot;done&quot;},{&quot;id&quot;:4316,&quot;href&quot;:&quot;http:\\\/\\\/www.poblete.eu\\\/demo&quot;,&quot;archived_href&quot;:&quot;https:\\\/\\\/web-wp.archive.org\\\/web\\\/20260314131540\\\/https:\\\/\\\/www.poblete.eu\\\/demo\\\/&quot;,&quot;redirect_href&quot;:&quot;https:\\\/\\\/www.poblete.eu\\\/demo&quot;,&quot;checks&quot;:[{&quot;date&quot;:&quot;2026-04-19 00:37:31&quot;,&quot;http_code&quot;:206}],&quot;broken&quot;:false,&quot;last_checked&quot;:{&quot;date&quot;:&quot;2026-04-19 00:37:31&quot;,&quot;http_code&quot;:206},&quot;process&quot;:&quot;done&quot;}]'><\/div>\n<p><b>von Olaf Siegert<\/b><\/p>\n<p><img loading=\"lazy\" decoding=\"async\" class=\"alignright size-medium wp-image-29304\" src=\"https:\/\/www.zbw-mediatalk.eu\/wp-content\/uploads\/2017\/06\/bibtag-logo-300x128.png\" alt=\"\" width=\"300\" height=\"128\" srcset=\"https:\/\/www.zbw-mediatalk.eu\/wp-content\/uploads\/2017\/06\/bibtag-logo-300x128.png 300w, https:\/\/www.zbw-mediatalk.eu\/wp-content\/uploads\/2017\/06\/bibtag-logo-400x171.png 400w, https:\/\/www.zbw-mediatalk.eu\/wp-content\/uploads\/2017\/06\/bibtag-logo-200x85.png 200w, https:\/\/www.zbw-mediatalk.eu\/wp-content\/uploads\/2017\/06\/bibtag-logo-50x21.png 50w, https:\/\/www.zbw-mediatalk.eu\/wp-content\/uploads\/2017\/06\/bibtag-logo.png 492w\" sizes=\"auto, (max-width: 300px) 100vw, 300px\" \/>Vom 30.05.-02.06.2017 fand in Frankfurt am Main der <a href=\"http:\/\/bibliothekartag2017.de\/\" target=\"_blank\" rel=\"noopener noreferrer\">106. Bibliothekartag<\/a> statt, das j\u00e4hrliche zentrale Branchentreffen im deutschsprachigen Bibliothekswesen. Unter dem Motto \u201eMedien \u2013 Menschen \u2013 M\u00e4rkte\u201c trafen sich etwa 3.800 Teilnehmerinnen und Teilnehmer. Das Angebot erstreckte sich \u00fcber fast 400 Vortr\u00e4ge (zu vielen davon gibt es die <a href=\"https:\/\/opus4.kobv.de\/opus4-bib-info\/solrsearch\/index\/search\/searchtype\/collection\/id\/16521\" target=\"_blank\" rel=\"noopener noreferrer\">Vortragsfolien<\/a> online). Die verschiedenen Aspekte von Open Access standen bei knapp 20 Vortr\u00e4gen im Fokus, au\u00dferdem wurde das Thema noch in einer Podiumsdiskussion, mehreren Workshops und Firmenpr\u00e4sentationen sowie verschiedenen Posterpr\u00e4sentationen adressiert.<\/p>\n<h4>Kurzfristiges Podiumsgespr\u00e4ch zu DEAL<\/h4>\n<p>Der Dienstag startete gleich sehr spannend mit dem kurzfristig anberaumten GeSIG-Podiumsgespr\u00e4ch zum Thema \u201eBibliothekarische Standpunkte zu DEAL\u201c (<a href=\"http:\/\/www.gesig.org\/cms\/upload\/Dokumente\/Ankndigung_Podiumsdiskussion.pdf\" target=\"_blank\" rel=\"noopener noreferrer\">PDF zur Ank\u00fcndigung<\/a>). Dabei ging es um die Initiative <a href=\"https:\/\/www.projekt-deal.de\/\" target=\"_blank\" rel=\"noopener noreferrer\">DEAL<\/a>, der Allianz der deutschen Wissenschaftsorganisationen, die das Ziel verfolgt, bundesweite Lizenzvertr\u00e4ge mit Open-Access-Komponente mit den gro\u00dfen Wissenschaftsverlagen abzuschlie\u00dfen. Das Podiumsgespr\u00e4ch kreiste dabei um die Fragen: Wie ist der Status Quo der Verhandlungen? Und was bringt DEAL den Bibliotheken?<\/p>\n<p><img decoding=\"async\" class=\"aligncenter size-full wp-image-29311\" src=\"https:\/\/www.zbw-mediatalk.eu\/wp-content\/uploads\/2017\/06\/deal-projektstruktur-1.png\" alt=\"\" width=\"600\" srcset=\"https:\/\/www.zbw-mediatalk.eu\/wp-content\/uploads\/2017\/06\/deal-projektstruktur-1.png 873w, https:\/\/www.zbw-mediatalk.eu\/wp-content\/uploads\/2017\/06\/deal-projektstruktur-1-300x201.png 300w, https:\/\/www.zbw-mediatalk.eu\/wp-content\/uploads\/2017\/06\/deal-projektstruktur-1-768x514.png 768w, https:\/\/www.zbw-mediatalk.eu\/wp-content\/uploads\/2017\/06\/deal-projektstruktur-1-860x575.png 860w, https:\/\/www.zbw-mediatalk.eu\/wp-content\/uploads\/2017\/06\/deal-projektstruktur-1-680x455.png 680w, https:\/\/www.zbw-mediatalk.eu\/wp-content\/uploads\/2017\/06\/deal-projektstruktur-1-500x334.png 500w, https:\/\/www.zbw-mediatalk.eu\/wp-content\/uploads\/2017\/06\/deal-projektstruktur-1-400x268.png 400w, https:\/\/www.zbw-mediatalk.eu\/wp-content\/uploads\/2017\/06\/deal-projektstruktur-1-200x134.png 200w, https:\/\/www.zbw-mediatalk.eu\/wp-content\/uploads\/2017\/06\/deal-projektstruktur-1-50x33.png 50w\" sizes=\"(max-width: 873px) 100vw, 873px\" \/><\/p>\n<p>Auf dem Podium diskutierten dazu:<\/p>\n<ul>\n<li>Susanne Goettker (Universit\u00e4ts- und Landesbibliothek D\u00fcsseldorf)<\/li>\n<li>Dr. Hildegard Sch\u00e4ffler (Bayerische Staatsbibliothek M\u00fcnchen)<\/li>\n<li>Dr. Frank Seeliger (Bibliothek der TH Wildau)<\/li>\n<li>Dr. Franziska Wein (Universit\u00e4ts- und Forschungsbibliothek Erfurt\/Gotha)<\/li>\n<\/ul>\n<p>Es gab mehrheitlich positive R\u00fcckmeldungen zur DEAL-Initiative, die insgesamt aus Bibliothekssicht begr\u00fc\u00dft wird. Zudem wurden diverse Detailfragen beantwortet, wie z.B. dass es keine Verpflichtung einzelner Bibliotheken zur Teilnahme gibt und der Umstieg auf ein Open-Access-Transformationsmodell nicht von heute auf morgen, sondern erst in einer mehrj\u00e4hrigen \u00dcbergangsphase angedacht ist.<\/p>\n<h4>Unterschiedliche Zwischenst\u00e4nde zu Open-Access-L\u00e4nderstrategien<\/h4>\n<p>Ebenfalls am Dienstag gab es zwei ebenso sehr gut besuchte vertiefende Open-Access-Vortragssessions in den gro\u00dfen Veranstaltungss\u00e4len. Dabei ging es zun\u00e4chst um die Session \u201eOpen Access: Strategien und Policy\u201d mit vier Vortr\u00e4gen. Hier diskutierten zu Beginn Beate Rusch (Zuse- Institut Berlin) und J\u00fcrgen Christof (UB der TU Berlin) zum Thema \u201eOpen Access als Haltung\u201c, bei der es u.a. um die Frage ging, wie Verb\u00fcnde Bibliotheken bei der Open-Access-Transformation noch st\u00e4rker unterst\u00fctzen k\u00f6nnen. Danach beleuchtete Isabella Meinecke (Staats- und Universit\u00e4tsbibliothek Hamburg) die Hamburger Open-Access-Strategie und kam vor dem Hintergrund der diversen Untiefen des Politikbetriebs zu einem eher vorsichtigen Zwischenfazit.<\/p>\n<p><img loading=\"lazy\" decoding=\"async\" src=\"https:\/\/www.zbw-mediatalk.eu\/wp-content\/uploads\/2017\/06\/bibtag3.jpg\" alt=\"\" width=\"1200\" height=\"801\" class=\"aligncenter size-full wp-image-29331\" srcset=\"https:\/\/www.zbw-mediatalk.eu\/wp-content\/uploads\/2017\/06\/bibtag3.jpg 1200w, https:\/\/www.zbw-mediatalk.eu\/wp-content\/uploads\/2017\/06\/bibtag3-300x200.jpg 300w, https:\/\/www.zbw-mediatalk.eu\/wp-content\/uploads\/2017\/06\/bibtag3-768x513.jpg 768w, https:\/\/www.zbw-mediatalk.eu\/wp-content\/uploads\/2017\/06\/bibtag3-1024x684.jpg 1024w, https:\/\/www.zbw-mediatalk.eu\/wp-content\/uploads\/2017\/06\/bibtag3-860x574.jpg 860w, https:\/\/www.zbw-mediatalk.eu\/wp-content\/uploads\/2017\/06\/bibtag3-680x454.jpg 680w, https:\/\/www.zbw-mediatalk.eu\/wp-content\/uploads\/2017\/06\/bibtag3-500x334.jpg 500w, https:\/\/www.zbw-mediatalk.eu\/wp-content\/uploads\/2017\/06\/bibtag3-400x267.jpg 400w, https:\/\/www.zbw-mediatalk.eu\/wp-content\/uploads\/2017\/06\/bibtag3-200x134.jpg 200w, https:\/\/www.zbw-mediatalk.eu\/wp-content\/uploads\/2017\/06\/bibtag3-50x33.jpg 50w\" sizes=\"auto, (max-width: 1200px) 100vw, 1200px\" \/><\/p>\n<p>Direkt im Anschluss stellte Andreas H\u00fcbner vom Open-Access-B\u00fcro Berlin die Berliner Open-Access-Strategie vor und konnte dabei neben der detaillierten Ausgestaltung auch schon von ersten kleinen Umsetzungserfolgen wie dem Zuwachs an Open-Access-Beauftragten in den Berliner Hochschulen oder der Erstellung einer <a href=\"https:\/\/depositonce.tu-berlin.de\/handle\/11303\/5983\" target=\"_blank\" rel=\"noopener noreferrer\">Studie zum Publikationsverhalten<\/a> berichten. Im abschlie\u00dfenden Vortrag der Session stellte Torsten Reimer von der British Library die \u201eScholarly Communications Licence\u201c (<a href=\"https:\/\/opus4.kobv.de\/opus4-bib-info\/frontdoor\/index\/index\/docId\/2957\" target=\"_blank\" rel=\"noopener noreferrer\">Folien<\/a>) vor. Dabei handelt es sich um ein interessantes Modell f\u00fcr Zweitverwertungsrechte aus Sicht der Wissenschaftsorganisationen, das aber sehr eng an das angloamerikanische Urheberrecht gekoppelt ist.<\/p>\n\n<h4>Berichte aus der Open Access-Praxis<\/h4>\n<p>Die nachfolgende Session \u201cOpen Access in der Praxis\u201d beinhaltete ebenfalls vier Vortr\u00e4ge, die sich vor allem aus der bibliothekarischen Praxis heraus mit dem Thema Open Access besch\u00e4ftigen. Hier stellten Martin Blenkle und Manfred N\u00f6lte von der Staats- und Universit\u00e4tsbibliothek Bremen in ihrem Vortrag \u201eOpen-Access-Medien in den Bibliothekskatalog! Chancen &amp; Risiken\u201c (<a href=\"https:\/\/opus4.kobv.de\/opus4-bib-info\/frontdoor\/index\/index\/docId\/2972\" target=\"_blank\" rel=\"noopener noreferrer\">Folien<\/a>) vor, wie mithilfe der Suchmaschine BASE Open-Access-Publikationen in ein lokales Discovery-System integriert werden k\u00f6nnen. Danach berichtete Lambert Heller von der TIB Hannover \u00fcber das DFG-Projekt \u201eNachnutzung von Open-Access-Abbildungen (NOA)\u201c, bei dem ein Verfahren zum automatischen Harvesting, zur Erschlie\u00dfung und zur Bereitstellung wissenschaftlicher Abbildungen aus Open-Access-Journals entwickelt wird. Die Texte und Abbildungen der Artikel sollen dabei mittels Wikisource, Wikimedia Commons und Wikidata abgelegt und beschrieben werden.<\/p>\n<p>Dem Thema \u201eOpen Access Grey\u201c (<a href=\"https:\/\/opus4.kobv.de\/opus4-bib-info\/frontdoor\/index\/index\/docId\/2947\" target=\"_blank\" rel=\"noopener noreferrer\">Folien<\/a>) widmete sich dann Susanne Maier (Staatsbibliothek zu Berlin) und analysierte in ihrem Vortrag die verschiedenen Rahmenbedingungen f\u00fcr die Bereitstellung von amtlichen Druckschriften im Internet und verglich dabei u.a. die Situation in der EU, den USA und Deutschland.<\/p>\n<p><img loading=\"lazy\" decoding=\"async\" width=\"1200\" height=\"801\" class=\"aligncenter size-full wp-image-29320\" src=\"https:\/\/www.zbw-mediatalk.eu\/wp-content\/uploads\/2017\/06\/bibtag1.jpg\" alt=\"\" srcset=\"https:\/\/www.zbw-mediatalk.eu\/wp-content\/uploads\/2017\/06\/bibtag1.jpg 1200w, https:\/\/www.zbw-mediatalk.eu\/wp-content\/uploads\/2017\/06\/bibtag1-300x200.jpg 300w, https:\/\/www.zbw-mediatalk.eu\/wp-content\/uploads\/2017\/06\/bibtag1-768x513.jpg 768w, https:\/\/www.zbw-mediatalk.eu\/wp-content\/uploads\/2017\/06\/bibtag1-1024x684.jpg 1024w, https:\/\/www.zbw-mediatalk.eu\/wp-content\/uploads\/2017\/06\/bibtag1-860x574.jpg 860w, https:\/\/www.zbw-mediatalk.eu\/wp-content\/uploads\/2017\/06\/bibtag1-680x454.jpg 680w, https:\/\/www.zbw-mediatalk.eu\/wp-content\/uploads\/2017\/06\/bibtag1-500x334.jpg 500w, https:\/\/www.zbw-mediatalk.eu\/wp-content\/uploads\/2017\/06\/bibtag1-400x267.jpg 400w, https:\/\/www.zbw-mediatalk.eu\/wp-content\/uploads\/2017\/06\/bibtag1-200x134.jpg 200w, https:\/\/www.zbw-mediatalk.eu\/wp-content\/uploads\/2017\/06\/bibtag1-50x33.jpg 50w\" sizes=\"auto, (max-width: 1200px) 100vw, 1200px\" \/><\/p>\n<p>Der finale Vortrag in der Praxissession kam von Evelinde Hutzler von der Universit\u00e4tsbibliothek Regensburg. Sie adressierte die Open-Access-bezogenen Dienste der Elektronischen Zeitschriftenbibliothek (<a href=\"https:\/\/opus4.kobv.de\/opus4-bib-info\/frontdoor\/index\/index\/docId\/2960\" target=\"_blank\" rel=\"noopener noreferrer\">Vortragsseite<\/a>) und berichtete hier u.a. ebenfalls von einer Kooperation mit der Bielefelder Suchmaschine BASE. Au\u00dferdem kooperiert die EZB auch mit dem <a href=\"https:\/\/www.zbw-mediatalk.eu\/2017\/06\/deepgreen-open-access-transformation\/\">Projekt DeepGreen<\/a>, bei dem es um die Zweitverwertungsrechte aus Allianz- und Nationallizenzen geht.<\/p>\n<h4>Offsetting-Modelle und -Praxis<\/h4>\n<p>Der Mittwoch beinhaltete aus Open-Access-Sicht zun\u00e4chst eine interessante <a href=\"http:\/\/explore.tandfonline.com\/lmt\/oa-bibliothekartag-2017\" target=\"_blank\" rel=\"noopener noreferrer\">Firmensession<\/a> von Taylor und Francis, bei der neben den verschiedenen Offsetting-Modellen (bzw. <a href=\"http:\/\/www.tandfonline.com\/openaccess\/faqs\" target=\"_blank\" rel=\"noopener noreferrer\">offset agreements<\/a>) des Anbieters auch ein Praxisbericht aus \u00d6sterreich vorgestellt wurde, den Susanne Tremmel vom \u00f6sterreichischen Bibliothekskonsortium KEM\u00d6 vorstellte. Dabei wurde deutlich, welche Aspekte erf\u00fcllt sein m\u00fcssen, damit ein Offsetting-Vertrag f\u00fcr beide Seiten zufriedenstellend umgesetzt werden kann \u2013 hier m\u00fcssen sowohl Verlage als auch Bibliotheken langj\u00e4hrige Gesch\u00e4ftsabl\u00e4ufe \u00fcberpr\u00fcfen und den Open-Access-Gegebenheiten anpassen. Im Anschluss daran berichtete Alexandra Jobmann vom Leibniz-Institut f\u00fcr die P\u00e4dagogik der Naturwissenschaften und Mathematik in Kiel, welche Rolle Open Access im Arbeitsalltag einer kleinen Institutsbibliothek spielt.<\/p>\n<p>In der Session \u201eAlles Open?\u201c ging es direkt weiter mit dem Thema Offsetting: In seinem sehr interessanten Vortrag zum Thema Offsetting-Vertr\u00e4ge (<a href=\"https:\/\/opus4.kobv.de\/opus4-bib-info\/frontdoor\/index\/index\/docId\/2965\" target=\"_blank\" rel=\"noopener noreferrer\">Folien<\/a>) ging Bernhard Mittermaier (Forschungszentrum J\u00fclich) der Frage nach, welche Rahmenbedingungen erf\u00fcllt sein m\u00fcssen, damit diese Vertr\u00e4ge nicht nur eine Verstetigung des Subskriptionsmodells darstellen, sondern tats\u00e4chlich im Sinne der Open-Access-Transformation einen Umstieg der Finanzierung nach dem Publikationsaufkommen initiieren.<\/p>\n<h4>Wie ver\u00e4ndert Open Access Bibliotheken und wie kann man auf dem Laufenden bleiben?<\/h4>\n<p>Am Nachmittag organisierte Jasmin Schmitz von der Deutschen Zentralbibliothek f\u00fcr Medizin (ZB MED) einen Workshop zum Thema \u201eOpen-Access-Beratung konkret: Welche Tools kann ich nutzen? Wie halte ich mich auf dem Laufenden?\u201c (<a href=\"https:\/\/opus4.kobv.de\/opus4-bib-info\/frontdoor\/index\/index\/docId\/2951\" target=\"_blank\" rel=\"noopener noreferrer\">Folien<\/a>). Dabei wurden unter anderem Tools wie SHERPA\/RoMEO oder OpenDOAR vorgestellt und ausprobiert, die zur Beantwortung von Anfragen konsultiert oder als Informationsquelle an Nutzerinnen und Nutzer weitergegeben werden k\u00f6nnen.<\/p>\n<p><img loading=\"lazy\" decoding=\"async\" class=\"aligncenter size-full wp-image-29325\" src=\"https:\/\/www.zbw-mediatalk.eu\/wp-content\/uploads\/2017\/06\/bibtag2.jpg\" alt=\"\" width=\"1200\" height=\"799\" srcset=\"https:\/\/www.zbw-mediatalk.eu\/wp-content\/uploads\/2017\/06\/bibtag2.jpg 1200w, https:\/\/www.zbw-mediatalk.eu\/wp-content\/uploads\/2017\/06\/bibtag2-300x200.jpg 300w, https:\/\/www.zbw-mediatalk.eu\/wp-content\/uploads\/2017\/06\/bibtag2-768x511.jpg 768w, https:\/\/www.zbw-mediatalk.eu\/wp-content\/uploads\/2017\/06\/bibtag2-1024x682.jpg 1024w, https:\/\/www.zbw-mediatalk.eu\/wp-content\/uploads\/2017\/06\/bibtag2-860x573.jpg 860w, https:\/\/www.zbw-mediatalk.eu\/wp-content\/uploads\/2017\/06\/bibtag2-680x453.jpg 680w, https:\/\/www.zbw-mediatalk.eu\/wp-content\/uploads\/2017\/06\/bibtag2-500x333.jpg 500w, https:\/\/www.zbw-mediatalk.eu\/wp-content\/uploads\/2017\/06\/bibtag2-400x266.jpg 400w, https:\/\/www.zbw-mediatalk.eu\/wp-content\/uploads\/2017\/06\/bibtag2-200x133.jpg 200w, https:\/\/www.zbw-mediatalk.eu\/wp-content\/uploads\/2017\/06\/bibtag2-50x33.jpg 50w\" sizes=\"auto, (max-width: 1200px) 100vw, 1200px\" \/><\/p>\n<p>Am Donnerstagmorgen besch\u00e4ftigte sich die \u00f6ffentliche Arbeitssitzung der <a href=\"http:\/\/www.bibliotheksverband.de\/fachgruppen\/kommissionen\/erwerbung-und-bestandsentwicklung.html\" target=\"_blank\" rel=\"noopener noreferrer\">dbv-Kommission f\u00fcr Erwerbung und Bestandsentwicklung<\/a> mit Open Access als einem Thema f\u00fcr die Erwerbung. Dabei ging es um die Frage, wie sich Erwerbungsprozesse in Bibliotheken in Zeiten von Open Access \u00e4ndern und welche Chancen und Risiken damit verbunden sind. Dazu gab es zwei Praxisberichte aus Universit\u00e4tsbibliotheken, zum einen von Dirk Pieper (Universit\u00e4tsbibliothek Bielefeld) und zum anderen von Anke Rautenberg (KIM der Universit\u00e4t Konstanz). Erg\u00e4nzt wurde die Session um einen Vortrag von Sven Fund (Knowledge Unlatched), der sich mit den M\u00f6glichkeiten des Open Access bei geisteswissenschaftlichen Monographien auseinandersetzte.<\/p>\n<h4>Disziplin\u00e4re Besonderheiten<\/h4>\n<p>Am Nachmittag folgte dann eine Session zum Thema \u201eOpen Access in Kunst- und Museumsbibliotheken\u201c, die von der <a href=\"https:\/\/www.arthistoricum.net\/netzwerke\/akmb\/\" target=\"_blank\" rel=\"noopener noreferrer\">AKMB<\/a> (Arbeitsgemeinschaft der Kunst- und Museumsbibliotheken) organisiert wurde. Dabei ging der Autor dieses Blogbeitrags auf den Stand der Entwicklung und die disziplin\u00e4ren Besonderheiten bei Open Access ein. Um hier insbesondere die Publikationskulturen in den Geisteswissenschaften zu ber\u00fccksichtigen, sei es unumg\u00e4nglich, die M\u00f6glichkeiten f\u00fcr Open-Access-Monographien durch geeignete F\u00f6rderprogramme und Publikationsinfrastrukturen verst\u00e4rkt auszubauen. Der zweite Vortrag der Session \u201eOpen Access geht uns alle an! Zum aktuellen Publikationsverhalten in der Kunstgeschichte\u201c wurde von Maria Effinger (Universit\u00e4tsbibliothek Heidelberg) vorgetragen und beleuchtete die beeindruckende Vielfalt an <a href=\"http:\/\/www.ub.uni-heidelberg.de\/service\/openaccess\/Welcome.html\" target=\"_blank\" rel=\"noopener noreferrer\">Unterst\u00fctzungsdiensten<\/a> f\u00fcr Open-Access-Publikationen durch die Universit\u00e4tsbibliothek.<\/p>\n<p>Ein weiterer Einzelvortrag in einer anderen Donnerstagssession besch\u00e4ftigte sich ebenfalls mit der Situation in Heidelberg und wurde mit dem Titel \u201eE-Publishing und Open Access im Kontext der Fachinformationsdienste\u201c von Veit Probst (Universit\u00e4tsbibliothek Heidelberg) <a href=\"https:\/\/opus4.kobv.de\/opus4-bib-info\/frontdoor\/index\/index\/docId\/2912\" target=\"_blank\" rel=\"noopener noreferrer\">pr\u00e4sentiert<\/a>. Dabei ging es vor allem um die drei von der UB Heidelberg in Kooperation betriebenen Fachinformationsdienste (FID) Altertumswissenschaften (Propylaeum) mit der BSB M\u00fcnchen, Kunst (arthistoricum.net) mit der SLUB Dresden und Asien (CrossAsia) mit der Staatsbibliothek zu Berlin. In allen drei FIDs \u00fcbernimmt Heidelberg als Kernaufgabe die Bereitstellung einschl\u00e4giger Open-Access-Publikationsplattformen.<\/p>\n<h4>Fazit<\/h4>\n<p>Auch wenn manche Zungen behaupten, dass Open Access kein relevantes Thema im Sinne von \u201ehip\u201c und \u201emodern\u201c f\u00fcr die wissenschaftspolitische Debatte mehr ist, so belegt die starke Pr\u00e4senz auf dem Bibliothekartag, dass Open Access jetzt massiv auf der Arbeitsebene angekommen ist und die Bibliotheken zunehmend in ihrem Arbeitsalltag besch\u00e4ftigt (vgl. dazu auch den <a href=\"https:\/\/blogs.ub.tu-berlin.de\/openaccess\/2017\/06\/von-robin-hood-zum-mainstream-open-access-als-haltung-erreicht-die-mitte-der-bibliothek\/\" target=\"_blank\" rel=\"noopener noreferrer\">Blogbeitrag<\/a> von J\u00fcrgen Christof). Dabei ist die Themenpr\u00e4senz auf dem Bibliothekartag umso beachtenswerter, als sich ja bereits seit einigen Jahren mit den <a href=\"https:\/\/open-access.net\/DE-EN\/community\/open-access-tage\/\" target=\"_blank\" rel=\"noopener noreferrer\">Open-Access-Tagen<\/a> eine Praktikertagung etabliert hat, die mit Besucherzahlen von mittlerweile 300-400 Teilnehmenden ebenfalls viele Personen aus dem Bibliotheksumfeld anzieht.<\/p>\n<p><b>Fotos:<\/b> K.I.T. Group GmbH&copy; \/ <a href=\"http:\/\/www.poblete.eu\/demo\/\" target=\"_blank\" rel=\"noopener noreferrer\">Jose Poblete<\/a> <\/p>\n","protected":false},"excerpt":{"rendered":"<p>Eine Vielzahl an Sessions und Vortr\u00e4gen war beim Bibliothekartag 2017 dem Thema Open Access gewidmet. Dies zeigt, wie sehr das Thema inzwischen im Arbeitsalltag von Bibliotheken angekommen ist. Der Blogpost gibt einen \u00dcberblick \u00fcber die Beitr\u00e4ge zu Open Access.<\/p>\n","protected":false},"author":4,"featured_media":34756,"comment_status":"open","ping_status":"open","sticky":false,"template":"","format":"standard","meta":{"_has_post_settings":[],"footnotes":""},"categories":[1147],"tags":[1480,1286,1554],"hashtags":[],"class_list":["post-34417","post","type-post","status-publish","format-standard","has-post-thumbnail","hentry","category-open-science-de","tag-bibliothekstag","tag-deal-de","tag-open-access-de"],"aioseo_notices":[],"_links":{"self":[{"href":"https:\/\/www.zbw-mediatalk.eu\/de\/wp-json\/wp\/v2\/posts\/34417","targetHints":{"allow":["GET"]}}],"collection":[{"href":"https:\/\/www.zbw-mediatalk.eu\/de\/wp-json\/wp\/v2\/posts"}],"about":[{"href":"https:\/\/www.zbw-mediatalk.eu\/de\/wp-json\/wp\/v2\/types\/post"}],"author":[{"embeddable":true,"href":"https:\/\/www.zbw-mediatalk.eu\/de\/wp-json\/wp\/v2\/users\/4"}],"replies":[{"embeddable":true,"href":"https:\/\/www.zbw-mediatalk.eu\/de\/wp-json\/wp\/v2\/comments?post=34417"}],"version-history":[{"count":2,"href":"https:\/\/www.zbw-mediatalk.eu\/de\/wp-json\/wp\/v2\/posts\/34417\/revisions"}],"predecessor-version":[{"id":40515,"href":"https:\/\/www.zbw-mediatalk.eu\/de\/wp-json\/wp\/v2\/posts\/34417\/revisions\/40515"}],"wp:featuredmedia":[{"embeddable":true,"href":"https:\/\/www.zbw-mediatalk.eu\/de\/wp-json\/wp\/v2\/media\/34756"}],"wp:attachment":[{"href":"https:\/\/www.zbw-mediatalk.eu\/de\/wp-json\/wp\/v2\/media?parent=34417"}],"wp:term":[{"taxonomy":"category","embeddable":true,"href":"https:\/\/www.zbw-mediatalk.eu\/de\/wp-json\/wp\/v2\/categories?post=34417"},{"taxonomy":"post_tag","embeddable":true,"href":"https:\/\/www.zbw-mediatalk.eu\/de\/wp-json\/wp\/v2\/tags?post=34417"},{"taxonomy":"hashtags","embeddable":true,"href":"https:\/\/www.zbw-mediatalk.eu\/de\/wp-json\/wp\/v2\/hashtags?post=34417"}],"curies":[{"name":"wp","href":"https:\/\/api.w.org\/{rel}","templated":true}]}}