{"id":25847,"date":"2016-08-16T15:40:13","date_gmt":"2016-08-16T13:40:13","guid":{"rendered":"https:\/\/www.zbw-mediatalk.eu\/?p=25847"},"modified":"2021-09-10T09:22:30","modified_gmt":"2021-09-10T09:22:30","slug":"unterwegs-im-social-web-kostenlos-aber-nicht-umsonst","status":"publish","type":"post","link":"https:\/\/www.zbw-mediatalk.eu\/de\/2016\/08\/unterwegs-im-social-web-kostenlos-aber-nicht-umsonst\/","title":{"rendered":"Unterwegs im Social Web: Kostenlos, aber nicht umsonst!"},"content":{"rendered":"<div class='__iawmlf-post-loop-links' style='display:none;' data-iawmlf-post-links='[{&quot;id&quot;:5709,&quot;href&quot;:&quot;https:\\\/\\\/www.facebook.com&quot;,&quot;archived_href&quot;:&quot;https:\\\/\\\/web-wp.archive.org\\\/web\\\/20260329090543\\\/https:\\\/\\\/www.facebook.com\\\/&quot;,&quot;redirect_href&quot;:&quot;&quot;,&quot;checks&quot;:[{&quot;date&quot;:&quot;2026-03-29 14:18:42&quot;,&quot;http_code&quot;:200}],&quot;broken&quot;:false,&quot;last_checked&quot;:{&quot;date&quot;:&quot;2026-03-29 14:18:42&quot;,&quot;http_code&quot;:200},&quot;process&quot;:&quot;done&quot;},{&quot;id&quot;:5710,&quot;href&quot;:&quot;http:\\\/\\\/www.firstmonday.org\\\/article\\\/view\\\/1394\\\/1312&quot;,&quot;archived_href&quot;:&quot;https:\\\/\\\/web-wp.archive.org\\\/web\\\/20230323090822\\\/https:\\\/\\\/www.firstmonday.org\\\/article\\\/view\\\/1394\\\/1312&quot;,&quot;redirect_href&quot;:&quot;&quot;,&quot;checks&quot;:[{&quot;date&quot;:&quot;2026-03-29 14:18:45&quot;,&quot;http_code&quot;:404}],&quot;broken&quot;:false,&quot;last_checked&quot;:{&quot;date&quot;:&quot;2026-03-29 14:18:45&quot;,&quot;http_code&quot;:404},&quot;process&quot;:&quot;done&quot;},{&quot;id&quot;:5711,&quot;href&quot;:&quot;http:\\\/\\\/www.tiara.org\\\/blog\\\/wp-content\\\/uploads\\\/2010\\\/07\\\/marwick_boyd_twitter_nms.pdf&quot;,&quot;archived_href&quot;:&quot;https:\\\/\\\/web-wp.archive.org\\\/web\\\/20180509040553\\\/http:\\\/\\\/www.tiara.org:80\\\/blog\\\/wp-content\\\/uploads\\\/2010\\\/07\\\/marwick_boyd_twitter_nms.pdf&quot;,&quot;redirect_href&quot;:&quot;&quot;,&quot;checks&quot;:[{&quot;date&quot;:&quot;2026-03-29 14:18:51&quot;,&quot;http_code&quot;:404}],&quot;broken&quot;:false,&quot;last_checked&quot;:{&quot;date&quot;:&quot;2026-03-29 14:18:51&quot;,&quot;http_code&quot;:404},&quot;process&quot;:&quot;done&quot;},{&quot;id&quot;:5712,&quot;href&quot;:&quot;http:\\\/\\\/www.danah.org\\\/papers&quot;,&quot;archived_href&quot;:&quot;https:\\\/\\\/web-wp.archive.org\\\/web\\\/20260329144848\\\/https:\\\/\\\/www.danah.org\\\/papers\\\/&quot;,&quot;redirect_href&quot;:&quot;https:\\\/\\\/www.danah.org\\\/papers&quot;,&quot;checks&quot;:[],&quot;broken&quot;:false,&quot;last_checked&quot;:null,&quot;process&quot;:&quot;done&quot;},{&quot;id&quot;:5713,&quot;href&quot;:&quot;https:\\\/\\\/re-publica.com\\\/session\\\/privacy-publicity-changing-mode-being-world&quot;,&quot;archived_href&quot;:&quot;&quot;,&quot;redirect_href&quot;:&quot;&quot;,&quot;checks&quot;:[],&quot;broken&quot;:false,&quot;last_checked&quot;:null,&quot;process&quot;:&quot;done&quot;},{&quot;id&quot;:5714,&quot;href&quot;:&quot;http:\\\/\\\/www.privatheit.uni-passau.de\\\/privatheitsforschung&quot;,&quot;archived_href&quot;:&quot;https:\\\/\\\/web-wp.archive.org\\\/web\\\/20251214170011\\\/https:\\\/\\\/www.privatheit.uni-passau.de\\\/privatheitsforschung\\\/&quot;,&quot;redirect_href&quot;:&quot;&quot;,&quot;checks&quot;:[{&quot;date&quot;:&quot;2026-03-29 14:19:43&quot;,&quot;http_code&quot;:503}],&quot;broken&quot;:false,&quot;last_checked&quot;:{&quot;date&quot;:&quot;2026-03-29 14:19:43&quot;,&quot;http_code&quot;:503},&quot;process&quot;:&quot;done&quot;},{&quot;id&quot;:5715,&quot;href&quot;:&quot;http:\\\/\\\/www.3sat.de\\\/page\\\/?source=\\\/scobel\\\/179761\\\/index.html&quot;,&quot;archived_href&quot;:&quot;https:\\\/\\\/web-wp.archive.org\\\/web\\\/20181204153857\\\/http:\\\/\\\/www.3sat.de:80\\\/page\\\/?source=\\\/scobel\\\/179761\\\/index.html&quot;,&quot;redirect_href&quot;:&quot;https:\\\/\\\/www.3sat.de\\\/page\\\/?source=\\\/scobel\\\/179761\\\/index.html&quot;,&quot;checks&quot;:[],&quot;broken&quot;:false,&quot;last_checked&quot;:null,&quot;process&quot;:&quot;done&quot;},{&quot;id&quot;:5716,&quot;href&quot;:&quot;http:\\\/\\\/firstmonday.org\\\/ojs\\\/index.php\\\/fm\\\/article\\\/view\\\/3086\\\/2589&quot;,&quot;archived_href&quot;:&quot;https:\\\/\\\/web-wp.archive.org\\\/web\\\/20251211173410\\\/https:\\\/\\\/firstmonday.org\\\/ojs\\\/index.php\\\/fm\\\/article\\\/view\\\/3086\\\/2589&quot;,&quot;redirect_href&quot;:&quot;&quot;,&quot;checks&quot;:[{&quot;date&quot;:&quot;2026-03-29 14:20:46&quot;,&quot;http_code&quot;:503}],&quot;broken&quot;:false,&quot;last_checked&quot;:{&quot;date&quot;:&quot;2026-03-29 14:20:46&quot;,&quot;http_code&quot;:503},&quot;process&quot;:&quot;done&quot;},{&quot;id&quot;:5717,&quot;href&quot;:&quot;http:\\\/\\\/onlinelibrary.wiley.com\\\/doi\\\/10.1111\\\/jcc4.12052\\\/full&quot;,&quot;archived_href&quot;:&quot;&quot;,&quot;redirect_href&quot;:&quot;&quot;,&quot;checks&quot;:[],&quot;broken&quot;:false,&quot;last_checked&quot;:null,&quot;process&quot;:&quot;done&quot;},{&quot;id&quot;:5237,&quot;href&quot;:&quot;https:\\\/\\\/www.leibniz-science20.de\\\/de&quot;,&quot;archived_href&quot;:&quot;&quot;,&quot;redirect_href&quot;:&quot;https:\\\/\\\/www.leibniz-science20.de\\\/2025\\\/07\\\/09\\\/debit-oder-kredit-vergleich\\\/&quot;,&quot;checks&quot;:[],&quot;broken&quot;:false,&quot;last_checked&quot;:null,&quot;process&quot;:&quot;done&quot;}]'><\/div>\n<p>&#8220;Der Wandel von Privatsph\u00e4re und \u00d6ffentlichkeit im Social Web&#8221; lautete das Thema meiner Masterarbeit, die ich von Oktober 2015 bis Februar 2016 bei PD Dr. Stefan M\u00fcnker und PD Dr. Eleonore Kalisch geschrieben habe. Die zentralen Fragestellungen befassten sich damit, wie sich der Wertewandel des Privaten und des \u00d6ffentlichen in der Gesellschaft vollzieht und welchen Einfluss das Social Web hat. Insbesondere fand ich die Frage spannend, welchen Einfluss Social Web-Plattformen wie Facebook auf den Umgang der Nutzer mit privaten Daten haben.<\/p>\n<p><H4>Alles nur f\u00fcr die Nutzer: Daten sammeln, erfassen und weiterverarbeiten<\/H4><\/p>\n<p>Zun\u00e4chst ist es f\u00fcr die Beantwortung der Frage wichtig, sich \u00fcber bestimmte Grundlagen bewusst zu sein. Auf s\u00e4mtlichen Plattformen stehen sich verschiedene \u00d6ffentlichkeiten gegen\u00fcber. W\u00e4hrend Freunde oder Follower als sichtbare \u00d6ffentlichkeiten genannt werden k\u00f6nnen, gibt es auch die Unternehmen im Hintergrund, die unsichtbar bleiben. Letztere sammeln Daten, werten sie aus, geben sie an Dritte weiter \u2013 und das ganz im Sinne der Verbesserung der auf das Individuum zugeschnittenen Angebote und mit der Zustimmung der Nutzerinnen und Nutzer.<\/p>\n<p>So hei\u00dft es beispielsweise auf <a href=\"https:\/\/www.facebook.com\/\" target=\"_blank\" rel=\"noopener noreferrer\">Facebook.com<\/a>: &#8220;Facebook ist und bleibt kostenlos&#8221;. Auch Facebook ist ein Unternehmen, das Gewinne erzielt \u2013 und zwar durch die Weitergabe der Nutzerdaten. Mit der Best\u00e4tigung der Datenschutz- und Nutzungsbestimmungen akzeptiert jede Nutzerin und jeder Nutzer, dass diese Daten individuell erhoben werden. Aber ist es wirklich das Individuum, das z\u00e4hlt?<\/p>\n<p><H4>Digitale Abbildungen des Nutzungsverhaltens<\/H4><\/p>\n<p>In der Medientheorie haben diese virtuellen Duplikate, die durch die Vielzahl an gesammelten Inhalten mit Daten \u00fcber das Nutzungsverhalten des Users best\u00fcckt werden, einen einpr\u00e4gsamen Namen: Digital Double. Bei jeder Google-Recherche, jeder Suche auf Facebook oder jedem Klick auf einen Link bei Twitter werden diese Daten gesammelt und zu einem digitalen Duplikat des Nutzungsverhaltens zusammengef\u00fcgt. Das Resultat ist z.B. personenbezogene Werbung. Hier stellt sich die Frage, inwieweit wir als Nutzer des Social Webs \u00fcberhaupt noch freie Entscheidungen treffen, wenn doch die Algorithmen die meisten Entscheidungen schon vorfertigen.<\/p>\n<p><img loading=\"lazy\" decoding=\"async\" class=\"alignleft size-full wp-image-25898\" src=\"https:\/\/www.zbw-mediatalk.eu\/wp-content\/uploads\/2016\/08\/PrivacySetting-Mediatalk-Blog-Bilder-SCHMALESBILD-1100x357-2.jpg\" alt=\"PrivacySetting-Mediatalk-Blog-Bilder-SCHMALESBILD-1100x357\" width=\"1100\" height=\"346\" srcset=\"https:\/\/www.zbw-mediatalk.eu\/wp-content\/uploads\/2016\/08\/PrivacySetting-Mediatalk-Blog-Bilder-SCHMALESBILD-1100x357-2.jpg 1100w, https:\/\/www.zbw-mediatalk.eu\/wp-content\/uploads\/2016\/08\/PrivacySetting-Mediatalk-Blog-Bilder-SCHMALESBILD-1100x357-2-300x94.jpg 300w, https:\/\/www.zbw-mediatalk.eu\/wp-content\/uploads\/2016\/08\/PrivacySetting-Mediatalk-Blog-Bilder-SCHMALESBILD-1100x357-2-768x242.jpg 768w, https:\/\/www.zbw-mediatalk.eu\/wp-content\/uploads\/2016\/08\/PrivacySetting-Mediatalk-Blog-Bilder-SCHMALESBILD-1100x357-2-1024x322.jpg 1024w, https:\/\/www.zbw-mediatalk.eu\/wp-content\/uploads\/2016\/08\/PrivacySetting-Mediatalk-Blog-Bilder-SCHMALESBILD-1100x357-2-860x271.jpg 860w, https:\/\/www.zbw-mediatalk.eu\/wp-content\/uploads\/2016\/08\/PrivacySetting-Mediatalk-Blog-Bilder-SCHMALESBILD-1100x357-2-680x214.jpg 680w, https:\/\/www.zbw-mediatalk.eu\/wp-content\/uploads\/2016\/08\/PrivacySetting-Mediatalk-Blog-Bilder-SCHMALESBILD-1100x357-2-500x157.jpg 500w, https:\/\/www.zbw-mediatalk.eu\/wp-content\/uploads\/2016\/08\/PrivacySetting-Mediatalk-Blog-Bilder-SCHMALESBILD-1100x357-2-400x126.jpg 400w, https:\/\/www.zbw-mediatalk.eu\/wp-content\/uploads\/2016\/08\/PrivacySetting-Mediatalk-Blog-Bilder-SCHMALESBILD-1100x357-2-200x63.jpg 200w, https:\/\/www.zbw-mediatalk.eu\/wp-content\/uploads\/2016\/08\/PrivacySetting-Mediatalk-Blog-Bilder-SCHMALESBILD-1100x357-2-50x16.jpg 50w\" sizes=\"auto, (max-width: 1100px) 100vw, 1100px\" \/><\/p>\n<p><H4>Danke, dass du mit deinen Daten bezahlst<\/H4><\/p>\n<p>Diese App ist kostenlos \u2013 wirklich? Geld musst nicht bezahlt werden, soweit stimmt es, aber umsonst ist es nicht. Allzu oft wird gesagt: &#8220;Ist mir doch egal, ob Facebook alles wei\u00df, ich hab doch nichts zu verbergen.&#8221; Oftmals werden solche Aussagen von Nutzerinnen und Nutzer getroffen, denen die Privatsph\u00e4re sehr wichtig ist. W\u00e4hrend sie im beruflichen Kontext z.B. penibel darauf achten welche Informationen sie wem mitteilen, verhalten sie sich bei der Nutzung von Facebook eher freigiebig mit ihren Daten. Dies stellt ein paradoxes Verhalten dar. Auf der einen Seite ist der Schutz der Privatsph\u00e4re sehr wichtig, auf der anderen geben sie gleichzeitig bereitwillig ihre Daten an. Dieses Ph\u00e4nomen wurde von Susan Barnes als <a href=\"http:\/\/www.firstmonday.org\/article\/view\/1394\/1312\" target=\"_blank\" rel=\"noopener noreferrer\">Privacy Paradox<\/a> beschrieben. Es besagt, dass das Verhalten der Nutzerinnen und Nutzer nicht mit ihren Einstellungen \u00fcbereinstimmen.<\/p>\n<p><H4>Enge Freunde, fl\u00fcchtige Bekannte, Arbeitskontakte \u2013 alle unter einem Hut?<\/H4><\/p>\n<p>Es sind aber nicht nur die gesammelten Daten, die gro\u00dfen Einfluss haben. Vor allem sind es auch die Daten selbst, die von den Nutzerinnen und Nutzern eingestellt werden, \u00fcber die sie sich Gedanken machen sollten. Im Social Web wird oft vergessen, dass sich verschiedene \u00d6ffentlichkeiten gegen\u00fcberstehen.<\/p>\n<p>Facebook nennt sie Freunde, bei Twitter sind es Follower und so weiter \u2013 so werden alle Personenkreise zusammengefasst, wenngleich sie eigentlich getrennt voneinander betrachtet werden sollten. Dadurch kommt es nur allzu oft zu einem Context Collapse, also einem Aufeinandertreffen verschiedener Bereiche, die nicht die gleichen Informationen erhalten sollten. W\u00e4hrend man in engen Freundschaften einen privaten und sehr pers\u00f6nlichen Austausch hegt, besteht oftmals der Wunsch, das Arbeitsleben und berufliche Kontakte aus diesem Kontext auszuschlie\u00dfen. Wird jedoch darauf nicht genau geachtet und zum Beispiel die Reichweite des Posts nicht pr\u00e4zise eingeschr\u00e4nkt, verschmelzen die \u00d6ffentlichkeiten. Zus\u00e4tzlich funktionieren Soziale Netzwerkplattformen auf Grundlage des Teilens und Kommentierens. Wird also ein Post von jemandem geteilt, sehen diesen Post auch dessen Freunde. Teilt ein weiterer Freund diesen Post, wird die Reichweite nochmals erh\u00f6ht. Auch so kann es zu einem Context Collapse kommen.<\/p>\n\n<p><span style=\"font-size: small;\"><a href=\"http:\/\/www.tiara.org\/blog\/wp-content\/uploads\/2010\/07\/marwick_boyd_twitter_nms.pdf\" target=\"_blank\" rel=\"noopener noreferrer\">Hier<\/a> geht es direkt zur Webseite des PDFs.<\/span><\/p>\n<p><H4>Der Schneeball rollt \u2013 und das Netzwerk wird gr\u00f6\u00dfer<\/H4><\/p>\n<p>Wichtig ist vor allem, dass man sich dessen bewusst ist, dass es verschiedene \u00d6ffentlichkeiten auf sozialen Netzwerkplattformen gibt. Es sind profitorientierte Unternehmen einerseits und verschiedene Bekanntschaften auf der anderen Seite. Man wird auf Facebook direkt dazu aufgefordert, seine Daten preiszugeben, denn erst dann geht der Netzwerkansatz auf. Durch den Schneeballeffekt, dass man sich mit Freunden von Freunden befreundet und dar\u00fcber weitere Freunde findet und diese hinzuf\u00fcgt, entsteht ein anwachsendes Netzwerk.<\/p>\n<blockquote><p>&#8220;You have zero privacy anyway, get over it&#8221; <a href=\"&lt;a href=\" target=\"_blank\" rel=\"noopener noreferrer\">Scott McNealy<\/a> (Sun Microsystems)<\/p><\/blockquote>\n<p>Pessimistisch betrachtet ist die Privatsph\u00e4re vielleicht gar nicht mehr vorhanden \u2013 aber soll man sich tats\u00e4chlich damit abfinden? Ist das Ende der Privatsph\u00e4re erreicht? Noch nicht, jedenfalls solange dar\u00fcber gesprochen wird, dass Privatsph\u00e4re ein zu sch\u00fctzendes Gut ist und der Wert des Privaten immer noch geachtet wird. Oder ist es vielleicht einfach nur n\u00f6tig umzudenken? Heutzutage ist es f\u00fcr viele nicht mehr zeitgem\u00e4\u00df, ausschlie\u00dflich im Vieraugengespr\u00e4ch private Informationen zu teilen. Vielmehr verlagert sich die Kommunikation zunehmend auf die digitale Sph\u00e4re. Wo auch immer wir sind, teilen viele von uns Informationen mit und verschicken Fotos z.B. per WhatsApp. Ja, so werden Daten weitergegeben, und ja, sie werden verwendet, um personenbezogene Werbung f\u00fcr uns anzeigen zu lassen. Aber wollen wir darauf verzichten? Dies muss jeder f\u00fcr sich selbst entscheiden \u2013 und vielleicht auch mit seinen \u201eFreunden\u201c ausdiskutieren!<\/p>\n<p><H4>Interessante Links zum Thema<\/H4><\/p>\n<ul>\n<li><a href=\"http:\/\/www.danah.org\/papers\/\" target=\"_blank\" rel=\"noopener noreferrer\">danah boyd&#8217;s writing<\/a>: Spannende Publikationen zum Spannungsfeld Gesellschaft und Technologie von Danah Boyd (Gastprofessur des Interactive Telecommunications Program der New York University),<\/li>\n<li>Zygmunt Baumanns (Prof. em. Soziologie und Philosophie, University of Leeds) Vortrag auf der re:publica 2015: <a href=\"https:\/\/re-publica.com\/session\/privacy-publicity-changing-mode-being-world\" target=\"_blank\" rel=\"noopener noreferrer\">From Privacy to Publicity: The Changing Mode of &#8220;Being-in-the-world&#8221;<\/a>,<\/li>\n<p><iframe loading=\"lazy\" src=\"https:\/\/www.youtube.com\/embed\/CGk-iaTr9hk\" width=\"612\" height=\"344\" frameborder=\"0\" allowfullscreen=\"allowfullscreen\"><\/iframe><\/p>\n<li>Die <a href=\"http:\/\/www.privatheit.uni-passau.de\/privatheitsforschung\/\" target=\"_blank\" rel=\"noopener noreferrer\">Literaturhinweise und Arbeitsbereiche der interdisziplin\u00e4ren Privatheitsforschung an der Universit\u00e4t Passau <\/a><\/li>\n<li><a href=\"http:\/\/www.3sat.de\/page\/?source=\/scobel\/179761\/index.html\" target=\"_blank\" rel=\"noopener noreferrer\">3Sat: Gert Scobel<\/a> diskutiert mit seinen G\u00e4sten Sandra Seubert, Christian Alexander und Frank Rieger dar\u00fcber, wie eine moderne Form der Privatheit gelebt werden kann<\/li>\n<\/li>\n<li>Artikel <a href=\"https:\/\/www.zbw-mediatalk.eu\/wp-content\/uploads\/2016\/08\/Ende_der_Privatheit_Grimm_Krah.pdf\" target=\"_blank\" rel=\"noopener noreferrer\">(PDF)<\/a> zur Frage Ende der Privatheit?<br \/>\nEine Sicht der Medien- und Kommunikationswissenschaft von Prof. Dr. Petra Grimm (Hochschule der Medien Stuttgart) und Prof. Dr. Hans Krah (Universit\u00e4t Passau).<\/li>\n<li>Boyd, Danah, Hargittai, Eszter: <a href=\"http:\/\/firstmonday.org\/ojs\/index.php\/fm\/article\/view\/3086\/2589\" target=\"_blank\" rel=\"noopener noreferrer\">Facebook privacy settings: Who cares?<\/a>. First Monday, [S.l.], jul. 2010. ISSN 13960466, doi:10.5210\/fm.v15i8.3086. <a href=\"https:\/\/www.zbw-mediatalk.eu\/wp-content\/uploads\/2016\/08\/boyd.pdf\" target=\"_blank\" rel=\"noopener noreferrer\">(PDF)<\/a><\/li>\n<\/ul>\n<p><strong>Literaturhinweise:<\/strong><\/p>\n<ul>\n<li>Nissenbaum, Helen Fay: Privacy in context: Technology, policy, and the integrity of social life. Stanford: Stanford Law Books, 2010,<\/li>\n<li>Schrems, Max: K\u00e4mpf um deine Daten. Wien: edition a, 2014,<\/li>\n<li>Solove, Daniel J.: The End of Privacy? In: Scientific American, 299, 3 (2008). S. 100\u2013106,<\/li>\n<li>Taddicken, Monika: <a href=\"http:\/\/onlinelibrary.wiley.com\/doi\/10.1111\/jcc4.12052\/full\" target=\"_blank\" rel=\"noopener noreferrer\">The \u203aPrivacy Paradox\u2039 in the Social Web:<\/a> The Impact of Privacy Concerns, Individual Characteristics, and the Perceived Social Relevance on Different Forms of Self-Disclosure. In: Journal of Computer-Mediated Communication, 19, 2 (2014). S. 248\u2013273.<\/li>\n<\/ul>\n<p>&nbsp;<br \/>\n&nbsp;<\/p>\n<p>\u2192<span style=\"font-size: small;\"> Autorin: Johanna Kuhnert (Koordinationsassistentin des <a href=\"https:\/\/www.leibniz-science20.de\/de\/\" target=\"_blank\" rel=\"noopener noreferrer\">Leibniz-Forschungsverbund Science 2.0<\/a>, ZBW &#8211; Leibniz-Informationszentrum Wirtschaft, Abteilung &#8220;Soziale Medien&#8221;)<\/span><\/p>\n","protected":false},"excerpt":{"rendered":"<p>Ob beruflich oder privat, wir nutzen jeden Tag Anwendungen wie Facebook, Instagram, Twitter, WhatsApp, XING oder LinkedIn. Sie dienen der Vereinfachung der Kommunikation und Vernetzung. F\u00fcr viele \u00fcberwiegen die Vorteile, aber wie steht es um die Nachteile? Wie privat ist die Kommunikation auf den Plattformen und was ist \u00f6ffentlich? Eine komplexe Fragestellung, auf die es keine einfache Antwort gibt, und der ich mich in meiner Masterarbeit gewidmet habe.<\/p>\n","protected":false},"author":4,"featured_media":27541,"comment_status":"open","ping_status":"open","sticky":false,"template":"","format":"standard","meta":{"_has_post_settings":[],"footnotes":""},"categories":[1149],"tags":[1875,246,1505,612,1610],"hashtags":[],"class_list":["post-25847","post","type-post","status-publish","format-standard","has-post-thumbnail","hentry","category-web-de","tag-datenschutz","tag-digital-doubles","tag-medientheorien","tag-privacy-paradox","tag-privatsphaere"],"aioseo_notices":[],"_links":{"self":[{"href":"https:\/\/www.zbw-mediatalk.eu\/de\/wp-json\/wp\/v2\/posts\/25847","targetHints":{"allow":["GET"]}}],"collection":[{"href":"https:\/\/www.zbw-mediatalk.eu\/de\/wp-json\/wp\/v2\/posts"}],"about":[{"href":"https:\/\/www.zbw-mediatalk.eu\/de\/wp-json\/wp\/v2\/types\/post"}],"author":[{"embeddable":true,"href":"https:\/\/www.zbw-mediatalk.eu\/de\/wp-json\/wp\/v2\/users\/4"}],"replies":[{"embeddable":true,"href":"https:\/\/www.zbw-mediatalk.eu\/de\/wp-json\/wp\/v2\/comments?post=25847"}],"version-history":[{"count":1,"href":"https:\/\/www.zbw-mediatalk.eu\/de\/wp-json\/wp\/v2\/posts\/25847\/revisions"}],"predecessor-version":[{"id":40616,"href":"https:\/\/www.zbw-mediatalk.eu\/de\/wp-json\/wp\/v2\/posts\/25847\/revisions\/40616"}],"wp:featuredmedia":[{"embeddable":true,"href":"https:\/\/www.zbw-mediatalk.eu\/de\/wp-json\/wp\/v2\/media\/27541"}],"wp:attachment":[{"href":"https:\/\/www.zbw-mediatalk.eu\/de\/wp-json\/wp\/v2\/media?parent=25847"}],"wp:term":[{"taxonomy":"category","embeddable":true,"href":"https:\/\/www.zbw-mediatalk.eu\/de\/wp-json\/wp\/v2\/categories?post=25847"},{"taxonomy":"post_tag","embeddable":true,"href":"https:\/\/www.zbw-mediatalk.eu\/de\/wp-json\/wp\/v2\/tags?post=25847"},{"taxonomy":"hashtags","embeddable":true,"href":"https:\/\/www.zbw-mediatalk.eu\/de\/wp-json\/wp\/v2\/hashtags?post=25847"}],"curies":[{"name":"wp","href":"https:\/\/api.w.org\/{rel}","templated":true}]}}