{"id":1064,"date":"2011-05-04T11:08:19","date_gmt":"2011-05-04T11:08:19","guid":{"rendered":"https:\/\/www.zbw-mediatalk.eu\/?p=1064"},"modified":"2020-03-20T12:22:53","modified_gmt":"2020-03-20T12:22:53","slug":"infografik-90-prozent-aller-us-dozenten-sind-in-social-media-aktiv","status":"publish","type":"post","link":"https:\/\/www.zbw-mediatalk.eu\/de\/2011\/05\/infografik-90-prozent-aller-us-dozenten-sind-in-social-media-aktiv\/","title":{"rendered":"Infografik: 90 Prozent aller US-Dozenten sind in Social Media aktiv"},"content":{"rendered":"<div class='__iawmlf-post-loop-links' style='display:none;' data-iawmlf-post-links='[{&quot;id&quot;:7090,&quot;href&quot;:&quot;http:\\\/\\\/informare-wissen-und-koennen.com&quot;,&quot;archived_href&quot;:&quot;&quot;,&quot;redirect_href&quot;:&quot;&quot;,&quot;checks&quot;:[],&quot;broken&quot;:false,&quot;last_checked&quot;:null,&quot;process&quot;:&quot;done&quot;},{&quot;id&quot;:7091,&quot;href&quot;:&quot;http:\\\/\\\/twitter.com\\\/ktochtermann&quot;,&quot;archived_href&quot;:&quot;&quot;,&quot;redirect_href&quot;:&quot;&quot;,&quot;checks&quot;:[],&quot;broken&quot;:false,&quot;last_checked&quot;:null,&quot;process&quot;:&quot;done&quot;},{&quot;id&quot;:7092,&quot;href&quot;:&quot;http:\\\/\\\/www.pearsonlearningsolutions.com\\\/social-media-survey&quot;,&quot;archived_href&quot;:&quot;&quot;,&quot;redirect_href&quot;:&quot;&quot;,&quot;checks&quot;:[],&quot;broken&quot;:false,&quot;last_checked&quot;:null,&quot;process&quot;:&quot;done&quot;},{&quot;id&quot;:7093,&quot;href&quot;:&quot;http:\\\/\\\/www.sfgate.com\\\/cgi-bin\\\/article.cgi?f=\\\/g\\\/a\\\/2011\\\/05\\\/02\\\/prweb8362561.DTL&quot;,&quot;archived_href&quot;:&quot;https:\\\/\\\/web-wp.archive.org\\\/web\\\/20110505061715\\\/http:\\\/\\\/www.sfgate.com:80\\\/cgi-bin\\\/article.cgi?f=\\\/g\\\/a\\\/2011\\\/05\\\/02\\\/prweb8362561.DTL&quot;,&quot;redirect_href&quot;:&quot;&quot;,&quot;checks&quot;:[{&quot;date&quot;:&quot;2026-04-08 16:30:27&quot;,&quot;http_code&quot;:200}],&quot;broken&quot;:false,&quot;last_checked&quot;:{&quot;date&quot;:&quot;2026-04-08 16:30:27&quot;,&quot;http_code&quot;:200},&quot;process&quot;:&quot;done&quot;},{&quot;id&quot;:7094,&quot;href&quot;:&quot;http:\\\/\\\/www.schools.com\\\/articles\\\/teacher-facebook.html&quot;,&quot;archived_href&quot;:&quot;https:\\\/\\\/web-wp.archive.org\\\/web\\\/20140810003851\\\/http:\\\/\\\/www.schools.com:80\\\/articles\\\/teacher-facebook.html&quot;,&quot;redirect_href&quot;:&quot;&quot;,&quot;checks&quot;:[{&quot;date&quot;:&quot;2026-04-08 16:30:32&quot;,&quot;http_code&quot;:404}],&quot;broken&quot;:false,&quot;last_checked&quot;:{&quot;date&quot;:&quot;2026-04-08 16:30:32&quot;,&quot;http_code&quot;:404},&quot;process&quot;:&quot;done&quot;},{&quot;id&quot;:7095,&quot;href&quot;:&quot;http:\\\/\\\/www.schools.com\\\/visuals\\\/college-professors-on-facebook.html&quot;,&quot;archived_href&quot;:&quot;https:\\\/\\\/web-wp.archive.org\\\/web\\\/20170913231227\\\/http:\\\/\\\/www.schools.com\\\/visuals\\\/college-professors-on-facebook.html&quot;,&quot;redirect_href&quot;:&quot;&quot;,&quot;checks&quot;:[{&quot;date&quot;:&quot;2026-04-08 16:30:40&quot;,&quot;http_code&quot;:404}],&quot;broken&quot;:false,&quot;last_checked&quot;:{&quot;date&quot;:&quot;2026-04-08 16:30:40&quot;,&quot;http_code&quot;:404},&quot;process&quot;:&quot;done&quot;},{&quot;id&quot;:7096,&quot;href&quot;:&quot;http:\\\/\\\/www.schools.com&quot;,&quot;archived_href&quot;:&quot;&quot;,&quot;redirect_href&quot;:&quot;https:\\\/\\\/www.schools.com\\\/&quot;,&quot;checks&quot;:[],&quot;broken&quot;:false,&quot;last_checked&quot;:null,&quot;process&quot;:&quot;done&quot;}]'><\/div>\n<p>Ich bin \u00fcber diese nette Infografik gestolpert und m\u00f6chte sie hier kurz weitergeben: Es passt gerade, da unser ZBW-Chef und Kieler Uni-Professor f\u00fcr Medieninformatik, Klaus Tochtermann, zur Stunde auf der Berliner <a href=\"http:\/\/informare-wissen-und-koennen.com\/\" target=\"_blank\" rel=\"noopener noreferrer\">Informare<\/a> den Sitzungen beiwohnt und twittert, was das Zeug h\u00e4lt (<a href=\"http:\/\/twitter.com\/ktochtermann\" target=\"_blank\" rel=\"noopener noreferrer\">folgen Sie ihm<\/a>). <!--more--> Die Daten stammen aus einer <a href=\"http:\/\/www.pearsonlearningsolutions.com\/social-media-survey\/\" target=\"_blank\" rel=\"noopener noreferrer\">Studie<\/a>, die Pearson vor wenigen Tagen ver\u00f6ffentlich hat. Darin wurden rund 2.000 Professoren und College-Dozenten gefragt, ob und wie aktiv sie Gebrauch von Social Media machen. Demnach sind \u00fcber 90 Prozent der Befragen in einem Netzwerk angemeldet &#8211; beinahe doppelt so viele, wie Besch\u00e4ftigte in anderen Branchen (Daten laut <a href=\"http:\/\/www.sfgate.com\/cgi-bin\/article.cgi?f=\/g\/a\/2011\/05\/02\/prweb8362561.DTL\" target=\"_blank\" rel=\"noopener noreferrer\">Pressemitteilung<\/a>). Auf Schools.com kann man nachlesen, wie <a href=\"http:\/\/www.schools.com\/articles\/teacher-facebook.html\" target=\"_blank\" rel=\"noopener noreferrer\">weit die Kreativit\u00e4t<\/a> dabei gehen kann &#8211; einige sehr sch\u00f6ne Beispiele sind dabei. Im Folgenden die komplette Infografik zur Umfrage. Mich w\u00fcrde \u00fcbrigens einmal interessieren, wie viele deutsche Dozenten schon dabei sind. Vielleicht meldet sich ja der\/die eine oder andere? <a href=\"http:\/\/www.schools.com\/visuals\/college-professors-on-facebook.html\" rel=\"nofollow\"><img loading=\"lazy\" decoding=\"async\" src=\"http:\/\/www.schools.com\/imagesvr_ce\/1920\/facebook-and-teachers.gif\" alt=\"Reading professors like an open facebook, or how teachers use social media\" width=\"600\" height=\"2339\" border=\"0\" \/><\/a> Courtesy of: <a href=\"http:\/\/www.schools.com\">Schools.com<\/a><\/p>\n","protected":false},"excerpt":{"rendered":"<p>Ich bin \u00fcber diese nette Infografik gestolpert und m\u00f6chte sie hier kurz weitergeben: Es passt gerade, da unser ZBW-Chef und Kieler Uni-Professor f\u00fcr Medieninformatik, Klaus Tochtermann, zur Stunde auf der Berliner Informare den Sitzungen beiwohnt und twittert, was das Zeug h\u00e4lt (folgen Sie ihm).<\/p>\n","protected":false},"author":2,"featured_media":21068,"comment_status":"open","ping_status":"open","sticky":false,"template":"","format":"standard","meta":{"_has_post_settings":[],"footnotes":""},"categories":[1,1149],"tags":[1883,695,1789],"hashtags":[],"class_list":["post-1064","post","type-post","status-publish","format-standard","has-post-thumbnail","hentry","category-uncategorisiert","category-web-de","tag-bildung","tag-social-media","tag-unterricht"],"aioseo_notices":[],"_links":{"self":[{"href":"https:\/\/www.zbw-mediatalk.eu\/de\/wp-json\/wp\/v2\/posts\/1064","targetHints":{"allow":["GET"]}}],"collection":[{"href":"https:\/\/www.zbw-mediatalk.eu\/de\/wp-json\/wp\/v2\/posts"}],"about":[{"href":"https:\/\/www.zbw-mediatalk.eu\/de\/wp-json\/wp\/v2\/types\/post"}],"author":[{"embeddable":true,"href":"https:\/\/www.zbw-mediatalk.eu\/de\/wp-json\/wp\/v2\/users\/2"}],"replies":[{"embeddable":true,"href":"https:\/\/www.zbw-mediatalk.eu\/de\/wp-json\/wp\/v2\/comments?post=1064"}],"version-history":[{"count":0,"href":"https:\/\/www.zbw-mediatalk.eu\/de\/wp-json\/wp\/v2\/posts\/1064\/revisions"}],"wp:featuredmedia":[{"embeddable":true,"href":"https:\/\/www.zbw-mediatalk.eu\/de\/wp-json\/wp\/v2\/media\/21068"}],"wp:attachment":[{"href":"https:\/\/www.zbw-mediatalk.eu\/de\/wp-json\/wp\/v2\/media?parent=1064"}],"wp:term":[{"taxonomy":"category","embeddable":true,"href":"https:\/\/www.zbw-mediatalk.eu\/de\/wp-json\/wp\/v2\/categories?post=1064"},{"taxonomy":"post_tag","embeddable":true,"href":"https:\/\/www.zbw-mediatalk.eu\/de\/wp-json\/wp\/v2\/tags?post=1064"},{"taxonomy":"hashtags","embeddable":true,"href":"https:\/\/www.zbw-mediatalk.eu\/de\/wp-json\/wp\/v2\/hashtags?post=1064"}],"curies":[{"name":"wp","href":"https:\/\/api.w.org\/{rel}","templated":true}]}}